{"id":68819,"date":"2026-09-01T13:57:46","date_gmt":"2026-09-01T16:57:46","guid":{"rendered":"https:\/\/crarn.org.br\/?p=68819"},"modified":"2026-09-01T13:57:47","modified_gmt":"2026-09-01T16:57:47","slug":"fiscalizacao-do-cra-rn-amplia-atuacao-no-interior-e-fortalece-dialogo-com-prefeituras","status":"publish","type":"post","link":"https:\/\/crarn.org.br\/?p=68819","title":{"rendered":"Fiscaliza\u00e7\u00e3o do CRA-RN amplia atua\u00e7\u00e3o no interior e fortalece di\u00e1logo com prefeituras"},"content":{"rendered":"\n<p class=\"wp-block-paragraph\">Entre os dias 25 e 28 de agosto, a equipe de Fiscaliza\u00e7\u00e3o do Conselho Regional de Administra\u00e7\u00e3o do Rio Grande do Norte (CRA-RN) esteve nos munic\u00edpios de Lajes, Angicos, Ass\u00fa, Mossor\u00f3, Apodi, Rodolfo Fernandes e Pau dos Ferros, dando continuidade \u00e0s a\u00e7\u00f5es de fiscaliza\u00e7\u00e3o e orienta\u00e7\u00e3o junto \u00e0s administra\u00e7\u00f5es municipais.<\/p>\n\n\n\n<p class=\"wp-block-paragraph\">A equipe, formada pela coordenadora de Fiscaliza\u00e7\u00e3o, Adm. Tatiana Costa Pinto, e pelo fiscal, Adm. F\u00e1bio Maia, realizou visitas t\u00e9cnicas com duas finalidades principais. A primeira foi apresentar \u00e0s prefeituras os resultados da an\u00e1lise realizada pelo CRA-RN sobre contratos vigentes cujas atividades est\u00e3o enquadradas no campo de atua\u00e7\u00e3o do Administrador. Ao todo, mais de 20 empresas passaram pelo crivo do Conselho quanto \u00e0 habilita\u00e7\u00e3o t\u00e9cnica para a presta\u00e7\u00e3o dos servi\u00e7os.<\/p>\n\n\n\n<p class=\"wp-block-paragraph\">A segunda finalidade foi notificar a exist\u00eancia de 71 servidores enquadrados no CBO 2521-05, c\u00f3digo t\u00edpico e exclusivo da profiss\u00e3o de Administrador, para que as situa\u00e7\u00f5es identificadas sejam devidamente avaliadas pelos munic\u00edpios.<\/p>\n\n\n\n<p class=\"wp-block-paragraph\">Al\u00e9m do car\u00e1ter fiscalizat\u00f3rio, as visitas tamb\u00e9m buscam estreitar o relacionamento institucional e viabilizar o apoio do CRA-RN \u00e0s prefeituras, consolidando uma parceria permanente em assuntos relacionados \u00e0 \u00e1rea da Administra\u00e7\u00e3o e contribuindo para a melhoria da gest\u00e3o p\u00fablica.<\/p>\n\n\n\n<p class=\"wp-block-paragraph\">\u201cO nosso papel junto \u00e0s prefeituras do RN vai al\u00e9m das notifica\u00e7\u00f5es sobre poss\u00edveis irregularidades. \u00c9 nesse momento que dois entes p\u00fablicos se conectam para tratar de assuntos relevantes que convergem para o mesmo objetivo: o cumprimento de normativos vigentes e a melhoria da presta\u00e7\u00e3o de servi\u00e7os \u00e0 sociedade\u201d, destacou a coordenadora de Fiscaliza\u00e7\u00e3o, Adm. Tatiana Costa Pinto.<\/p>\n\n\n\n<p class=\"wp-block-paragraph\">Durante a agenda, a equipe esteve nas Prefeituras Municipais de Lajes, Angicos, Ass\u00fa, Apodi, Rodolfo Fernandes e Pau dos Ferros. Em Mossor\u00f3, foram visitadas a Secretaria de Administra\u00e7\u00e3o, onde a equipe foi recebida pela secret\u00e1ria adjunta, Danyelle Medeiros, e a Secretaria Municipal de Gest\u00e3o e Desenvolvimento de Pessoas, com recep\u00e7\u00e3o da secret\u00e1ria adjunta, Alessandra Dantas. Em Lajes, a equipe foi recebida pelo advogado da Procuradoria do Munic\u00edpio, Dr. Venancio Maciel.<\/p>\n\n\n\n<p class=\"wp-block-paragraph\">A iniciativa refor\u00e7a o compromisso do CRA-RN com a fiscaliza\u00e7\u00e3o do exerc\u00edcio profissional, a valoriza\u00e7\u00e3o da Administra\u00e7\u00e3o e o fortalecimento da gest\u00e3o p\u00fablica no Rio Grande do Norte.<\/p>\n\n\n<button class=\"simplefavorite-button\" data-postid=\"68819\" data-siteid=\"1\" data-groupid=\"1\" data-favoritecount=\"0\" style=\"\">Favorite <i class=\"sf-icon-star-empty\"><\/i><\/button>","protected":false},"excerpt":{"rendered":"<p>Entre os dias 25 e 28 de agosto, a equipe de Fiscaliza\u00e7\u00e3o do Conselho Regional de Administra\u00e7\u00e3o do Rio Grande do Norte (CRA-RN) esteve nos munic\u00edpios de Lajes, Angicos, Ass\u00fa,<a class=\"read-more\" href=\"https:\/\/crarn.org.br\/?p=68819\"> [&hellip;]<\/a><\/p>\n","protected":false},"author":26,"featured_media":68820,"comment_status":"closed","ping_status":"open","sticky":false,"template":"","format":"standard","meta":{"_price":"","_stock":"","_tribe_ticket_header":"","_tribe_default_ticket_provider":"","_tribe_ticket_capacity":"0","_ticket_start_date":"","_ticket_end_date":"","_tribe_ticket_show_description":"","_tribe_ticket_show_not_going":false,"_tribe_ticket_use_global_stock":"","_tribe_ticket_global_stock_level":"","_global_stock_mode":"","_global_stock_cap":"","_tribe_rsvp_for_event":"","_tribe_ticket_going_count":"","_tribe_ticket_not_going_count":"","_tribe_tickets_list":"[]","_tribe_ticket_has_attendee_info_fields":false,"footnotes":"","_links_to":"","_links_to_target":""},"categories":[589,310,320,309],"tags":[],"class_list":["post-68819","post","type-post","status-publish","format-standard","has-post-thumbnail","hentry","category-ano-2026-ultimas-noticias","category-destaque-grande","category-home","category-ultimas-noticias","entry","has-media"],"_links":{"self":[{"href":"https:\/\/crarn.org.br\/index.php?rest_route=\/wp\/v2\/posts\/68819","targetHints":{"allow":["GET"]}}],"collection":[{"href":"https:\/\/crarn.org.br\/index.php?rest_route=\/wp\/v2\/posts"}],"about":[{"href":"https:\/\/crarn.org.br\/index.php?rest_route=\/wp\/v2\/types\/post"}],"author":[{"embeddable":true,"href":"https:\/\/crarn.org.br\/index.php?rest_route=\/wp\/v2\/users\/26"}],"replies":[{"embeddable":true,"href":"https:\/\/crarn.org.br\/index.php?rest_route=%2Fwp%2Fv2%2Fcomments&post=68819"}],"version-history":[{"count":1,"href":"https:\/\/crarn.org.br\/index.php?rest_route=\/wp\/v2\/posts\/68819\/revisions"}],"predecessor-version":[{"id":68821,"href":"https:\/\/crarn.org.br\/index.php?rest_route=\/wp\/v2\/posts\/68819\/revisions\/68821"}],"wp:featuredmedia":[{"embeddable":true,"href":"https:\/\/crarn.org.br\/index.php?rest_route=\/wp\/v2\/media\/68820"}],"wp:attachment":[{"href":"https:\/\/crarn.org.br\/index.php?rest_route=%2Fwp%2Fv2%2Fmedia&parent=68819"}],"wp:term":[{"taxonomy":"category","embeddable":true,"href":"https:\/\/crarn.org.br\/index.php?rest_route=%2Fwp%2Fv2%2Fcategories&post=68819"},{"taxonomy":"post_tag","embeddable":true,"href":"https:\/\/crarn.org.br\/index.php?rest_route=%2Fwp%2Fv2%2Ftags&post=68819"}],"curies":[{"name":"wp","href":"https:\/\/api.w.org\/{rel}","templated":true}]}}