{"id":68582,"date":"2026-04-29T13:26:41","date_gmt":"2026-04-29T16:26:41","guid":{"rendered":"https:\/\/crarn.org.br\/?p=68582"},"modified":"2026-04-29T13:26:42","modified_gmt":"2026-04-29T16:26:42","slug":"programa-de-mentorias-adm-mulher-2026-abre-inscricoes","status":"publish","type":"post","link":"https:\/\/crarn.org.br\/?p=68582","title":{"rendered":"Programa de Mentorias ADM Mulher 2026 abre inscri\u00e7\u00f5es"},"content":{"rendered":"\n<p>O Conselho Regional de Administra\u00e7\u00e3o do Rio Grande do Norte (CRA-RN), por meio da Comiss\u00e3o ADM Mulher, est\u00e1 abrindo as inscri\u00e7\u00f5es\u00a0 para o Programa de Mentorias em Administra\u00e7\u00e3o 2026, uma iniciativa voltada ao desenvolvimento profissional de administradores(as) registrados e estudantes concluintes da \u00e1rea, registrados no CRA-Jovem.<\/p>\n<p>Com foco no fortalecimento de compet\u00eancias t\u00e9cnicas e comportamentais, o programa conecta mentorados(as) a profissionais experientes e registrados no CRA-RN, promovendo troca de conhecimentos, orienta\u00e7\u00e3o estrat\u00e9gica e crescimento na carreira.<\/p>\n<p><strong>\u00a0<\/strong><\/p>\n<p><strong>Como funciona o programa<\/strong><\/p>\n<p>O Programa de Mentorias \u00e9 gratuito e ter\u00e1 dura\u00e7\u00e3o de seis meses, com in\u00edcio em 25 de maio e t\u00e9rmino em 26 de outubro de 2026, por meio de encontros semanais, online, realizados \u00e0s segundas-feiras, \u00e0s 17h, com dura\u00e7\u00e3o m\u00ednima de uma hora.<\/p>\n<p>Ao longo da jornada, os participantes ter\u00e3o acesso uma mentoria abrangendo as \u00e1reas estrat\u00e9gicas da Administra\u00e7\u00e3o:<\/p>\n<ul>\n<li>Lideran\u00e7a<\/li>\n<li>Finan\u00e7as na pr\u00e1tica<\/li>\n<li>Intelig\u00eancia Artificial aplicada aos neg\u00f3cios<\/li>\n<li>Gest\u00e3o de Carreira<\/li>\n<li>Metodologias \u00c1geis<\/li>\n<li>O Novo RH<\/li>\n<\/ul>\n<p>Al\u00e9m das sess\u00f5es virtuais, os mentorados dever\u00e3o realizar atividades propostas pelas mentoras, contribuindo para o acompanhamento e avalia\u00e7\u00e3o do desenvolvimento ao longo do programa.<\/p>\n<p><strong>\u00a0<\/strong><\/p>\n<p><strong>Quem pode participar<\/strong><\/p>\n<p>Ser\u00e3o disponibilizadas 20 vagas, sendo, 80% destinadas a profissionais de Administra\u00e7\u00e3o ou \u00e1reas correlatas registrados no CRA-RN e os outros 20% destinadas a estudantes concluintes de cursos de Administra\u00e7\u00e3o e tecn\u00f3logos de gest\u00e3o cadastrados no CRA Jovem.<\/p>\n<p>Para participar, \u00e9 necess\u00e1rio demonstrar interesse no desenvolvimento profissional, al\u00e9m de comprometimento com as atividades e participa\u00e7\u00e3o nas sess\u00f5es do programa.<\/p>\n<p><strong>\u00a0<\/strong><\/p>\n<p><strong>Processo seletivo<\/strong><\/p>\n<p>A sele\u00e7\u00e3o dos participantes ser\u00e1 realizada em duas etapas: an\u00e1lise de curr\u00edculo e entrevista.<\/p>\n<p>Os candidatos selecionados ser\u00e3o divulgados nos canais de comunica\u00e7\u00e3o do CRA-RN.<\/p>\n<p><strong>\u00a0<\/strong><\/p>\n<p><strong>Inscri\u00e7\u00f5es e cronograma<\/strong><\/p>\n<p>As inscri\u00e7\u00f5es podem ser feitas de <strong>30 de abril <\/strong>a<strong> 12 de maio de 2026<\/strong>, por meio do link <a href=\"https:\/\/x.gd\/l23Z5\"><strong>https:\/\/x.gd\/l23Z5<\/strong><\/a><\/p>\n<p>\u00a0<\/p>\n<p><strong>Confira o cronograma:<\/strong><\/p>\n<ul>\n<li><strong>Inscri\u00e7\u00f5es:<\/strong> 30\/04 a 12\/05\/2026 pelo link https:\/\/x.gd\/l23Z5<\/li>\n<\/ul>\n<ul>\n<li><strong>Entrevistas:<\/strong> 11 a 14\/05\/2026<\/li>\n<li><strong>Resultado final:<\/strong> 15\/05\/2026<\/li>\n<li><strong>Abertura do programa:<\/strong> 18\/05\/2026<\/li>\n<li><strong>In\u00edcio das mentorias:<\/strong> 25\/05\/2026<\/li>\n<li><strong>Encerramento:<\/strong> 26\/10\/2026<\/li>\n<\/ul>\n<p><strong>\u00a0<\/strong><\/p>\n<p>Os interessados devem garantir sua inscri\u00e7\u00e3o dentro do prazo e acompanhar os canais oficiais do CRA-RN para mais informa\u00e7\u00f5es.<\/p>\n<p>\u00a0<\/p>\n<button class=\"simplefavorite-button\" data-postid=\"68582\" data-siteid=\"1\" data-groupid=\"1\" data-favoritecount=\"0\" style=\"\">Favorite <i class=\"sf-icon-star-empty\"><\/i><\/button>","protected":false},"excerpt":{"rendered":"<p>O Conselho Regional de Administra\u00e7\u00e3o do Rio Grande do Norte (CRA-RN), por meio da Comiss\u00e3o ADM Mulher, est\u00e1 abrindo as inscri\u00e7\u00f5es\u00a0 para o Programa de Mentorias em Administra\u00e7\u00e3o 2026, uma iniciativa voltada ao desenvolvimento profissional de administradores(as) registrados e estudantes concluintes da \u00e1rea, registrados no CRA-Jovem. Com foco no fortalecimento de compet\u00eancias t\u00e9cnicas e comportamentais,<a class=\"read-more\" href=\"https:\/\/crarn.org.br\/?p=68582\"> [&hellip;]<\/a><\/p>\n","protected":false},"author":26,"featured_media":68583,"comment_status":"closed","ping_status":"open","sticky":false,"template":"","format":"standard","meta":{"_price":"","_stock":"","_tribe_ticket_header":"","_tribe_default_ticket_provider":"","_tribe_ticket_capacity":"0","_ticket_start_date":"","_ticket_end_date":"","_tribe_ticket_show_description":"","_tribe_ticket_show_not_going":false,"_tribe_ticket_use_global_stock":"","_tribe_ticket_global_stock_level":"","_global_stock_mode":"","_global_stock_cap":"","_tribe_rsvp_for_event":"","_tribe_ticket_going_count":"","_tribe_ticket_not_going_count":"","_tribe_tickets_list":"[]","_tribe_ticket_has_attendee_info_fields":false,"footnotes":"","_links_to":"","_links_to_target":""},"categories":[589,310,399,309],"tags":[],"class_list":["post-68582","post","type-post","status-publish","format-standard","has-post-thumbnail","hentry","category-ano-2026-ultimas-noticias","category-destaque-grande","category-institucional","category-ultimas-noticias","entry","has-media"],"_links":{"self":[{"href":"https:\/\/crarn.org.br\/index.php?rest_route=\/wp\/v2\/posts\/68582","targetHints":{"allow":["GET"]}}],"collection":[{"href":"https:\/\/crarn.org.br\/index.php?rest_route=\/wp\/v2\/posts"}],"about":[{"href":"https:\/\/crarn.org.br\/index.php?rest_route=\/wp\/v2\/types\/post"}],"author":[{"embeddable":true,"href":"https:\/\/crarn.org.br\/index.php?rest_route=\/wp\/v2\/users\/26"}],"replies":[{"embeddable":true,"href":"https:\/\/crarn.org.br\/index.php?rest_route=%2Fwp%2Fv2%2Fcomments&post=68582"}],"version-history":[{"count":1,"href":"https:\/\/crarn.org.br\/index.php?rest_route=\/wp\/v2\/posts\/68582\/revisions"}],"predecessor-version":[{"id":68584,"href":"https:\/\/crarn.org.br\/index.php?rest_route=\/wp\/v2\/posts\/68582\/revisions\/68584"}],"wp:featuredmedia":[{"embeddable":true,"href":"https:\/\/crarn.org.br\/index.php?rest_route=\/wp\/v2\/media\/68583"}],"wp:attachment":[{"href":"https:\/\/crarn.org.br\/index.php?rest_route=%2Fwp%2Fv2%2Fmedia&parent=68582"}],"wp:term":[{"taxonomy":"category","embeddable":true,"href":"https:\/\/crarn.org.br\/index.php?rest_route=%2Fwp%2Fv2%2Fcategories&post=68582"},{"taxonomy":"post_tag","embeddable":true,"href":"https:\/\/crarn.org.br\/index.php?rest_route=%2Fwp%2Fv2%2Ftags&post=68582"}],"curies":[{"name":"wp","href":"https:\/\/api.w.org\/{rel}","templated":true}]}}