{"id":68517,"date":"2026-03-13T15:57:22","date_gmt":"2026-03-13T18:57:22","guid":{"rendered":"https:\/\/crarn.org.br\/?p=68517"},"modified":"2026-03-13T15:57:23","modified_gmt":"2026-03-13T18:57:23","slug":"desenvolve-adm-de-marco-vai-abordar-decisoes-inteligentes-nas-organizacoes","status":"publish","type":"post","link":"https:\/\/crarn.org.br\/?p=68517","title":{"rendered":"Desenvolve ADM de mar\u00e7o vai abordar decis\u00f5es inteligentes nas organiza\u00e7\u00f5es"},"content":{"rendered":"\n<p>O Conselho Regional de Administra\u00e7\u00e3o do Rio Grande do Norte (CRA-RN) realiza, no pr\u00f3ximo dia 30 de mar\u00e7o, mais uma edi\u00e7\u00e3o do Desenvolve ADM, iniciativa voltada ao aprimoramento profissional e \u00e0 dissemina\u00e7\u00e3o de conhecimentos na \u00e1rea da Administra\u00e7\u00e3o.<\/p>\n<p>Nesta edi\u00e7\u00e3o, o tema ser\u00e1 \u201cQuantificar para melhorar: decis\u00f5es inteligentes nas organiza\u00e7\u00f5es!\u201d, destacando a import\u00e2ncia da utiliza\u00e7\u00e3o de dados e indicadores para qualificar processos decis\u00f3rios e melhorar os resultados nas organiza\u00e7\u00f5es.<\/p>\n<p>O encontro contar\u00e1 com a participa\u00e7\u00e3o de Diego Ara\u00fajo, Administrador e F\u00edsico, S\u00f3cio-Diretor da Aplos Consultoria, Professor Universit\u00e1rio e Investidor no Mercado Financeiro e no Agrobusiness. Durante a apresenta\u00e7\u00e3o, o convidado ir\u00e1 compartilhar experi\u00eancias e reflex\u00f5es sobre como a an\u00e1lise quantitativa pode contribuir para uma gest\u00e3o mais estrat\u00e9gica e eficiente.<\/p>\n<p>O evento ser\u00e1 realizado de forma online, com in\u00edcio \u00e0s 19h, e \u00e9 gratuito para estudantes e profissionais registrados no CRA-RN. Para os demais interessados, a inscri\u00e7\u00e3o ter\u00e1 o valor de R$ 40,00.<\/p>\n<p>As inscri\u00e7\u00f5es j\u00e1 est\u00e3o abertas e podem ser feitas pelo link: <a href=\"https:\/\/x.gd\/P5oOB\">https:\/\/x.gd\/P5oOB<\/a>\u00a0<\/p>\n<p>O Desenvolve ADM integra as a\u00e7\u00f5es do CRA-RN voltadas \u00e0 capacita\u00e7\u00e3o cont\u00ednua de estudantes e profissionais de Administra\u00e7\u00e3o, promovendo debates relevantes e atualiza\u00e7\u00f5es sobre temas estrat\u00e9gicos para a \u00e1rea.<\/p>\n<button class=\"simplefavorite-button\" data-postid=\"68517\" data-siteid=\"1\" data-groupid=\"1\" data-favoritecount=\"0\" style=\"\">Favorite <i class=\"sf-icon-star-empty\"><\/i><\/button>","protected":false},"excerpt":{"rendered":"<p>O Conselho Regional de Administra\u00e7\u00e3o do Rio Grande do Norte (CRA-RN) realiza, no pr\u00f3ximo dia 30 de mar\u00e7o, mais uma edi\u00e7\u00e3o do Desenvolve ADM, iniciativa voltada ao aprimoramento profissional e \u00e0 dissemina\u00e7\u00e3o de conhecimentos na \u00e1rea da Administra\u00e7\u00e3o. Nesta edi\u00e7\u00e3o, o tema ser\u00e1 \u201cQuantificar para melhorar: decis\u00f5es inteligentes nas organiza\u00e7\u00f5es!\u201d, destacando a import\u00e2ncia da utiliza\u00e7\u00e3o<a class=\"read-more\" href=\"https:\/\/crarn.org.br\/?p=68517\"> [&hellip;]<\/a><\/p>\n","protected":false},"author":26,"featured_media":68518,"comment_status":"closed","ping_status":"open","sticky":false,"template":"","format":"standard","meta":{"_price":"","_stock":"","_tribe_ticket_header":"","_tribe_default_ticket_provider":"","_tribe_ticket_capacity":"0","_ticket_start_date":"","_ticket_end_date":"","_tribe_ticket_show_description":"","_tribe_ticket_show_not_going":false,"_tribe_ticket_use_global_stock":"","_tribe_ticket_global_stock_level":"","_global_stock_mode":"","_global_stock_cap":"","_tribe_rsvp_for_event":"","_tribe_ticket_going_count":"","_tribe_ticket_not_going_count":"","_tribe_tickets_list":"[]","_tribe_ticket_has_attendee_info_fields":false,"footnotes":"","_links_to":"","_links_to_target":""},"categories":[589,310,320,399,309],"tags":[],"class_list":["post-68517","post","type-post","status-publish","format-standard","has-post-thumbnail","hentry","category-ano-2026-ultimas-noticias","category-destaque-grande","category-home","category-institucional","category-ultimas-noticias","entry","has-media"],"_links":{"self":[{"href":"https:\/\/crarn.org.br\/index.php?rest_route=\/wp\/v2\/posts\/68517","targetHints":{"allow":["GET"]}}],"collection":[{"href":"https:\/\/crarn.org.br\/index.php?rest_route=\/wp\/v2\/posts"}],"about":[{"href":"https:\/\/crarn.org.br\/index.php?rest_route=\/wp\/v2\/types\/post"}],"author":[{"embeddable":true,"href":"https:\/\/crarn.org.br\/index.php?rest_route=\/wp\/v2\/users\/26"}],"replies":[{"embeddable":true,"href":"https:\/\/crarn.org.br\/index.php?rest_route=%2Fwp%2Fv2%2Fcomments&post=68517"}],"version-history":[{"count":2,"href":"https:\/\/crarn.org.br\/index.php?rest_route=\/wp\/v2\/posts\/68517\/revisions"}],"predecessor-version":[{"id":68520,"href":"https:\/\/crarn.org.br\/index.php?rest_route=\/wp\/v2\/posts\/68517\/revisions\/68520"}],"wp:featuredmedia":[{"embeddable":true,"href":"https:\/\/crarn.org.br\/index.php?rest_route=\/wp\/v2\/media\/68518"}],"wp:attachment":[{"href":"https:\/\/crarn.org.br\/index.php?rest_route=%2Fwp%2Fv2%2Fmedia&parent=68517"}],"wp:term":[{"taxonomy":"category","embeddable":true,"href":"https:\/\/crarn.org.br\/index.php?rest_route=%2Fwp%2Fv2%2Fcategories&post=68517"},{"taxonomy":"post_tag","embeddable":true,"href":"https:\/\/crarn.org.br\/index.php?rest_route=%2Fwp%2Fv2%2Ftags&post=68517"}],"curies":[{"name":"wp","href":"https:\/\/api.w.org\/{rel}","templated":true}]}}