{"id":68512,"date":"2026-03-13T13:18:31","date_gmt":"2026-03-13T16:18:31","guid":{"rendered":"https:\/\/crarn.org.br\/?p=68512"},"modified":"2026-03-13T13:18:32","modified_gmt":"2026-03-13T16:18:32","slug":"cra-rn-comemora-o-dia-internacional-da-mulher-em-mossoro","status":"publish","type":"post","link":"https:\/\/crarn.org.br\/?p=68512","title":{"rendered":"CRA-RN comemora o Dia Internacional da Mulher, em Mossor\u00f3"},"content":{"rendered":"\n<p>Em celebra\u00e7\u00e3o ao Dia Internacional da Mulher, a Comiss\u00e3o ADM Mulher do CRA-RN promove um encontro especial em Mossor\u00f3 para reunir profissionais, promover conhecimento e valorizar o protagonismo feminino na Administra\u00e7\u00e3o.<\/p>\n<p><strong>Programa\u00e7\u00e3o<\/strong><\/p>\n<p>18h30 \u2013 Recep\u00e7\u00e3o com m\u00fasica ao vivo<\/p>\n<p>19h \u2013 Abertura oficial<\/p>\n<p>19h30 \u2013 Palestra sobre \u201cComunica\u00e7\u00e3o de Alto Impacto: t\u00e9cnicas pr\u00e1ticas para falar com clareza, influenciar e se posicionar no ambiente profissional\u201d com a administradora, mestre em Engenharia de Produ\u00e7\u00e3o e professora universit\u00e1ria, Wendy Bezerra<\/p>\n<p>20h &#8211; Palestra sobre \u201cCuidados est\u00e9ticos para uma boa imagem da mulher\u201d, com Dra. Sinthia Ruanna, Biom\u00e9dica, P\u00f3s graduada em Est\u00e9tica Avan\u00e7ada e residente em Harmoniza\u00e7\u00e3o Facial.<\/p>\n<p>20h30 &#8211; Jantar<\/p>\n<p>22h &#8211; Encerramento<\/p>\n<p>\u00a0<\/p>\n<p><strong>Data:<\/strong> 23\/03\/2026<\/p>\n<p><strong>Hor\u00e1rio:<\/strong> 18h30 \u00e0s 22h<\/p>\n<p><strong>Local:<\/strong> Restaurante Buscap\u00e9 Budd &#8211; Av. Jo\u00e3o da Esc\u00f3ssia, 257 \u2013 Mossor\u00f3<\/p>\n<p>\u00a0<\/p>\n<p>Gratuito para Profissionais Adimplentes.<br \/>Demais: R$ 50,00<br \/>Confirme sua presen\u00e7a no link <a href=\"https:\/\/x.gd\/Yt5Vw\">https:\/\/x.gd\/Yt5Vw<\/a><\/p>\n<button class=\"simplefavorite-button\" data-postid=\"68512\" data-siteid=\"1\" data-groupid=\"1\" data-favoritecount=\"0\" style=\"\">Favorite <i class=\"sf-icon-star-empty\"><\/i><\/button>","protected":false},"excerpt":{"rendered":"<p>Em celebra\u00e7\u00e3o ao Dia Internacional da Mulher, a Comiss\u00e3o ADM Mulher do CRA-RN promove um encontro especial em Mossor\u00f3 para reunir profissionais, promover conhecimento e valorizar o protagonismo feminino na Administra\u00e7\u00e3o. Programa\u00e7\u00e3o 18h30 \u2013 Recep\u00e7\u00e3o com m\u00fasica ao vivo 19h \u2013 Abertura oficial 19h30 \u2013 Palestra sobre \u201cComunica\u00e7\u00e3o de Alto Impacto: t\u00e9cnicas pr\u00e1ticas para falar<a class=\"read-more\" href=\"https:\/\/crarn.org.br\/?p=68512\"> [&hellip;]<\/a><\/p>\n","protected":false},"author":26,"featured_media":68513,"comment_status":"closed","ping_status":"open","sticky":false,"template":"","format":"standard","meta":{"_price":"","_stock":"","_tribe_ticket_header":"","_tribe_default_ticket_provider":"","_tribe_ticket_capacity":"0","_ticket_start_date":"","_ticket_end_date":"","_tribe_ticket_show_description":"","_tribe_ticket_show_not_going":false,"_tribe_ticket_use_global_stock":"","_tribe_ticket_global_stock_level":"","_global_stock_mode":"","_global_stock_cap":"","_tribe_rsvp_for_event":"","_tribe_ticket_going_count":"","_tribe_ticket_not_going_count":"","_tribe_tickets_list":"[]","_tribe_ticket_has_attendee_info_fields":false,"footnotes":"","_links_to":"","_links_to_target":""},"categories":[589,310,320,399,309],"tags":[],"class_list":["post-68512","post","type-post","status-publish","format-standard","has-post-thumbnail","hentry","category-ano-2026-ultimas-noticias","category-destaque-grande","category-home","category-institucional","category-ultimas-noticias","entry","has-media"],"_links":{"self":[{"href":"https:\/\/crarn.org.br\/index.php?rest_route=\/wp\/v2\/posts\/68512","targetHints":{"allow":["GET"]}}],"collection":[{"href":"https:\/\/crarn.org.br\/index.php?rest_route=\/wp\/v2\/posts"}],"about":[{"href":"https:\/\/crarn.org.br\/index.php?rest_route=\/wp\/v2\/types\/post"}],"author":[{"embeddable":true,"href":"https:\/\/crarn.org.br\/index.php?rest_route=\/wp\/v2\/users\/26"}],"replies":[{"embeddable":true,"href":"https:\/\/crarn.org.br\/index.php?rest_route=%2Fwp%2Fv2%2Fcomments&post=68512"}],"version-history":[{"count":2,"href":"https:\/\/crarn.org.br\/index.php?rest_route=\/wp\/v2\/posts\/68512\/revisions"}],"predecessor-version":[{"id":68515,"href":"https:\/\/crarn.org.br\/index.php?rest_route=\/wp\/v2\/posts\/68512\/revisions\/68515"}],"wp:featuredmedia":[{"embeddable":true,"href":"https:\/\/crarn.org.br\/index.php?rest_route=\/wp\/v2\/media\/68513"}],"wp:attachment":[{"href":"https:\/\/crarn.org.br\/index.php?rest_route=%2Fwp%2Fv2%2Fmedia&parent=68512"}],"wp:term":[{"taxonomy":"category","embeddable":true,"href":"https:\/\/crarn.org.br\/index.php?rest_route=%2Fwp%2Fv2%2Fcategories&post=68512"},{"taxonomy":"post_tag","embeddable":true,"href":"https:\/\/crarn.org.br\/index.php?rest_route=%2Fwp%2Fv2%2Ftags&post=68512"}],"curies":[{"name":"wp","href":"https:\/\/api.w.org\/{rel}","templated":true}]}}