{"id":68502,"date":"2026-03-11T12:40:40","date_gmt":"2026-03-11T15:40:40","guid":{"rendered":"https:\/\/crarn.org.br\/?p=68502"},"modified":"2026-03-11T12:52:31","modified_gmt":"2026-03-11T15:52:31","slug":"3a-olimpiada-brasileira-de-administracao-tem-lancamento-hoje","status":"publish","type":"post","link":"https:\/\/crarn.org.br\/?p=68502","title":{"rendered":"3\u00aa Olimp\u00edada Brasileira de Administra\u00e7\u00e3o tem lan\u00e7amento hoje"},"content":{"rendered":"\n<p>Nesta quarta-feira (11\/03) acontece o lan\u00e7amento da 3\u00aa Olimp\u00edada Brasileira de Administra\u00e7\u00e3o (OBAdm. As inscri\u00e7\u00f5es est\u00e3o abertas a partir de amanh\u00e3, 12 de mar\u00e7o e v\u00e3o at\u00e9 o dia \u00a07 de junho de 2026. A iniciativa, promovida pelo CRA-RJ, busca estimular o conhecimento em gest\u00e3o e fortalecer a forma\u00e7\u00e3o acad\u00eamica e profissional na \u00e1rea da Administra\u00e7\u00e3o.<\/p>\n<p>Inspirada no sucesso das diversas olimp\u00edadas do conhecimento realizadas no Brasil, a OBAdm surge como uma importante a\u00e7\u00e3o para incentivar estudantes e profissionais a aprofundarem seus conhecimentos, desenvolverem pensamento cr\u00edtico e apresentarem solu\u00e7\u00f5es inovadoras para os desafios contempor\u00e2neos das organiza\u00e7\u00f5es.<\/p>\n<p>Nesta terceira edi\u00e7\u00e3o, o tema central ser\u00e1 \u201cA Gest\u00e3o dos ODS nas Organiza\u00e7\u00f5es\u201d, com foco em quatro Objetivos de Desenvolvimento Sustent\u00e1vel (ODS) da Organiza\u00e7\u00e3o das Na\u00e7\u00f5es Unidas: ODS 3 (Sa\u00fade e Bem-Estar), ODS 6 (\u00c1gua Pot\u00e1vel e Saneamento), ODS 12 (Consumo e Produ\u00e7\u00e3o Respons\u00e1veis) e ODS 15 (Vida Terrestre). A proposta \u00e9 estimular reflex\u00f5es e debates sobre gest\u00e3o da sa\u00fade, uso sustent\u00e1vel dos recursos h\u00eddricos, pr\u00e1ticas respons\u00e1veis de produ\u00e7\u00e3o e consumo e a preserva\u00e7\u00e3o dos ecossistemas terrestres.<\/p>\n<p>A Olimp\u00edada tem como miss\u00e3o difundir o conhecimento em Administra\u00e7\u00e3o, incentivando a pesquisa aplicada, o desenvolvimento de compet\u00eancias anal\u00edticas e estrat\u00e9gicas e a valoriza\u00e7\u00e3o da inova\u00e7\u00e3o na gest\u00e3o. A iniciativa tamb\u00e9m busca refor\u00e7ar o protagonismo dos profissionais de Administra\u00e7\u00e3o como agentes capazes de promover resultados mais eficientes, respons\u00e1veis e sustent\u00e1veis nas organiza\u00e7\u00f5es.<\/p>\n<p>A OBAdm \u00e9 voltada para estudantes do ensino m\u00e9dio e t\u00e9cnico, estudantes do ensino superior (bacharelado ou tecn\u00f3logo) e profissionais de qualquer \u00e1rea interessados em gest\u00e3o e Administra\u00e7\u00e3o. A competi\u00e7\u00e3o ser\u00e1 realizada em etapas que avaliar\u00e3o conhecimentos te\u00f3ricos e compet\u00eancias anal\u00edticas, estimulando a aplica\u00e7\u00e3o pr\u00e1tica de conceitos relacionados \u00e0 estrat\u00e9gia, inova\u00e7\u00e3o e sustentabilidade.<\/p>\n<p>O Rio Grande do Norte tem se destacado nas edi\u00e7\u00f5es anteriores da Olimp\u00edada, registrando uma participa\u00e7\u00e3o expressiva de estudantes e profissionais e contribuindo para o fortalecimento da Administra\u00e7\u00e3o como \u00e1rea estrat\u00e9gica para o desenvolvimento das organiza\u00e7\u00f5es e da sociedade.<\/p>\n<p>As provas e desafios ocorrer\u00e3o de 8 a 12 de junho de 2026, e o resultado final ser\u00e1 divulgado em 29 de junho.<\/p>\n<p>Mais informa\u00e7\u00f5es e inscri\u00e7\u00f5es est\u00e3o dispon\u00edveis no site: <a href=\"http:\/\/www.obadm.org.br\/\">www.obadm.org.br<\/a>.<\/p>\n\n\n<button class=\"simplefavorite-button\" data-postid=\"68502\" data-siteid=\"1\" data-groupid=\"1\" data-favoritecount=\"0\" style=\"\">Favorite <i class=\"sf-icon-star-empty\"><\/i><\/button>","protected":false},"excerpt":{"rendered":"<p>Nesta quarta-feira (11\/03) acontece o lan\u00e7amento da 3\u00aa Olimp\u00edada Brasileira de Administra\u00e7\u00e3o (OBAdm. As inscri\u00e7\u00f5es est\u00e3o abertas a partir de amanh\u00e3, 12 de mar\u00e7o e v\u00e3o at\u00e9 o dia \u00a07 de junho de 2026. A iniciativa, promovida pelo CRA-RJ, busca estimular o conhecimento em gest\u00e3o e fortalecer a forma\u00e7\u00e3o acad\u00eamica e profissional na \u00e1rea da<a class=\"read-more\" href=\"https:\/\/crarn.org.br\/?p=68502\"> [&hellip;]<\/a><\/p>\n","protected":false},"author":26,"featured_media":68503,"comment_status":"closed","ping_status":"open","sticky":false,"template":"","format":"standard","meta":{"_price":"","_stock":"","_tribe_ticket_header":"","_tribe_default_ticket_provider":"","_tribe_ticket_capacity":"0","_ticket_start_date":"","_ticket_end_date":"","_tribe_ticket_show_description":"","_tribe_ticket_show_not_going":false,"_tribe_ticket_use_global_stock":"","_tribe_ticket_global_stock_level":"","_global_stock_mode":"","_global_stock_cap":"","_tribe_rsvp_for_event":"","_tribe_ticket_going_count":"","_tribe_ticket_not_going_count":"","_tribe_tickets_list":"[]","_tribe_ticket_has_attendee_info_fields":false,"footnotes":"","_links_to":"","_links_to_target":""},"categories":[589,310,320,399,309],"tags":[],"class_list":["post-68502","post","type-post","status-publish","format-standard","has-post-thumbnail","hentry","category-ano-2026-ultimas-noticias","category-destaque-grande","category-home","category-institucional","category-ultimas-noticias","entry","has-media"],"_links":{"self":[{"href":"https:\/\/crarn.org.br\/index.php?rest_route=\/wp\/v2\/posts\/68502","targetHints":{"allow":["GET"]}}],"collection":[{"href":"https:\/\/crarn.org.br\/index.php?rest_route=\/wp\/v2\/posts"}],"about":[{"href":"https:\/\/crarn.org.br\/index.php?rest_route=\/wp\/v2\/types\/post"}],"author":[{"embeddable":true,"href":"https:\/\/crarn.org.br\/index.php?rest_route=\/wp\/v2\/users\/26"}],"replies":[{"embeddable":true,"href":"https:\/\/crarn.org.br\/index.php?rest_route=%2Fwp%2Fv2%2Fcomments&post=68502"}],"version-history":[{"count":2,"href":"https:\/\/crarn.org.br\/index.php?rest_route=\/wp\/v2\/posts\/68502\/revisions"}],"predecessor-version":[{"id":68506,"href":"https:\/\/crarn.org.br\/index.php?rest_route=\/wp\/v2\/posts\/68502\/revisions\/68506"}],"wp:featuredmedia":[{"embeddable":true,"href":"https:\/\/crarn.org.br\/index.php?rest_route=\/wp\/v2\/media\/68503"}],"wp:attachment":[{"href":"https:\/\/crarn.org.br\/index.php?rest_route=%2Fwp%2Fv2%2Fmedia&parent=68502"}],"wp:term":[{"taxonomy":"category","embeddable":true,"href":"https:\/\/crarn.org.br\/index.php?rest_route=%2Fwp%2Fv2%2Fcategories&post=68502"},{"taxonomy":"post_tag","embeddable":true,"href":"https:\/\/crarn.org.br\/index.php?rest_route=%2Fwp%2Fv2%2Ftags&post=68502"}],"curies":[{"name":"wp","href":"https:\/\/api.w.org\/{rel}","templated":true}]}}