{"id":68495,"date":"2026-03-10T16:46:38","date_gmt":"2026-03-10T19:46:38","guid":{"rendered":"https:\/\/crarn.org.br\/?p=68495"},"modified":"2026-03-10T16:53:12","modified_gmt":"2026-03-10T19:53:12","slug":"currais-novos-institui-dia-do-profissional-de-administracao-em-seu-calendario-oficial","status":"publish","type":"post","link":"https:\/\/crarn.org.br\/?p=68495","title":{"rendered":"Currais Novos institui Dia do Profissional de Administra\u00e7\u00e3o em seu calend\u00e1rio oficial"},"content":{"rendered":"\n<p>O munic\u00edpio de Currais Novos passou a contar oficialmente com o <strong>Dia do Profissional de Administra\u00e7\u00e3o<\/strong> em seu calend\u00e1rio comemorativo. A data foi institu\u00edda por meio de Projeto de Lei aprovado, por unanimidade, pela C\u00e2mara Municipal, de autoria do vereador Itamar J\u00fanior, que tamb\u00e9m \u00e9 professor universit\u00e1rio na \u00e1rea de Administra\u00e7\u00e3o e Contabilidade.<\/p>\n<p>A iniciativa reconhece a import\u00e2ncia dos profissionais de Administra\u00e7\u00e3o para o desenvolvimento das organiza\u00e7\u00f5es p\u00fablicas e privadas, al\u00e9m de destacar a contribui\u00e7\u00e3o da \u00e1rea para a melhoria da gest\u00e3o, da efici\u00eancia administrativa e do crescimento econ\u00f4mico do munic\u00edpio.<\/p>\n<p>De acordo com o vereador, a proposta tamb\u00e9m busca valorizar a forma\u00e7\u00e3o acad\u00eamica na \u00e1rea e reconhecer o papel das institui\u00e7\u00f5es de ensino e dos profissionais que atuam no munic\u00edpio.<\/p>\n<blockquote>\n<p><em>\u201cEm Currais Novos tem v\u00e1rios cursos de Administra\u00e7\u00e3o e a nossa inten\u00e7\u00e3o \u00e9 reconhecer o profissional de Administra\u00e7\u00e3o, reconhecer essa profiss\u00e3o no nosso munic\u00edpio, mas acima de tudo reconhecer as universidades, a hist\u00f3ria e o legado de tantos profissionais que a cidades forma nesta \u00e1rea\u201d, destacou.<\/em><\/p>\n<\/blockquote>\n<p>O parlamentar tamb\u00e9m ressaltou a relev\u00e2ncia da profiss\u00e3o para diferentes setores da sociedade.<\/p>\n<blockquote>\n<p>\u201cNada mais justo do que reconhecer esta profiss\u00e3o que \u00e9 t\u00e3o importante tanto na \u00e1rea p\u00fablica quanto na \u00e1rea privada. A gente quer, nesta data, o 9 de setembro, fazer nossa sess\u00e3o solene de reconhecimento, trazer o Conselho para dentro da C\u00e2mara Municipal.\u201d<\/p>\n<\/blockquote>\n<p>Segundo ele, al\u00e9m da valoriza\u00e7\u00e3o da categoria, a cria\u00e7\u00e3o da data refor\u00e7a o papel estrat\u00e9gico do profissional de Administra\u00e7\u00e3o para o desenvolvimento das organiza\u00e7\u00f5es e da gest\u00e3o p\u00fablica.<\/p>\n<blockquote>\n<p><span style=\"font-size: revert;\">\u201cEssa lei, al\u00e9m de valorizar, empodera os profissionais e a cidade acaba reconhecendo que o profissional de Administra\u00e7\u00e3o, em qualquer \u00e1rea que for atuar, vai ser imprescind\u00edvel para grandes resultados e gest\u00f5es eficientes\u201d, afirmou.<\/span><\/p>\n<\/blockquote>\n<p>Para o Conselho Regional de Administra\u00e7\u00e3o do Rio Grande do Norte (CRA-RN), iniciativas como essa representam um importante reconhecimento institucional da atua\u00e7\u00e3o dos profissionais da \u00e1rea e contribuem para ampliar a visibilidade da Administra\u00e7\u00e3o como ci\u00eancia essencial para o desenvolvimento das organiza\u00e7\u00f5es e das cidades.<\/p>\n<button class=\"simplefavorite-button\" data-postid=\"68495\" data-siteid=\"1\" data-groupid=\"1\" data-favoritecount=\"0\" style=\"\">Favorite <i class=\"sf-icon-star-empty\"><\/i><\/button>","protected":false},"excerpt":{"rendered":"<p>O munic\u00edpio de Currais Novos passou a contar oficialmente com o Dia do Profissional de Administra\u00e7\u00e3o em seu calend\u00e1rio comemorativo. A data foi institu\u00edda por meio de Projeto de Lei aprovado, por unanimidade, pela C\u00e2mara Municipal, de autoria do vereador Itamar J\u00fanior, que tamb\u00e9m \u00e9 professor universit\u00e1rio na \u00e1rea de Administra\u00e7\u00e3o e Contabilidade. A iniciativa<a class=\"read-more\" href=\"https:\/\/crarn.org.br\/?p=68495\"> [&hellip;]<\/a><\/p>\n","protected":false},"author":26,"featured_media":68500,"comment_status":"closed","ping_status":"open","sticky":false,"template":"","format":"standard","meta":{"_price":"","_stock":"","_tribe_ticket_header":"","_tribe_default_ticket_provider":"","_tribe_ticket_capacity":"0","_ticket_start_date":"","_ticket_end_date":"","_tribe_ticket_show_description":"","_tribe_ticket_show_not_going":false,"_tribe_ticket_use_global_stock":"","_tribe_ticket_global_stock_level":"","_global_stock_mode":"","_global_stock_cap":"","_tribe_rsvp_for_event":"","_tribe_ticket_going_count":"","_tribe_ticket_not_going_count":"","_tribe_tickets_list":"[]","_tribe_ticket_has_attendee_info_fields":false,"footnotes":"","_links_to":"","_links_to_target":""},"categories":[589,312,320,399,309],"tags":[],"class_list":["post-68495","post","type-post","status-publish","format-standard","has-post-thumbnail","hentry","category-ano-2026-ultimas-noticias","category-destaque-pequeno-inferior","category-home","category-institucional","category-ultimas-noticias","entry","has-media"],"_links":{"self":[{"href":"https:\/\/crarn.org.br\/index.php?rest_route=\/wp\/v2\/posts\/68495","targetHints":{"allow":["GET"]}}],"collection":[{"href":"https:\/\/crarn.org.br\/index.php?rest_route=\/wp\/v2\/posts"}],"about":[{"href":"https:\/\/crarn.org.br\/index.php?rest_route=\/wp\/v2\/types\/post"}],"author":[{"embeddable":true,"href":"https:\/\/crarn.org.br\/index.php?rest_route=\/wp\/v2\/users\/26"}],"replies":[{"embeddable":true,"href":"https:\/\/crarn.org.br\/index.php?rest_route=%2Fwp%2Fv2%2Fcomments&post=68495"}],"version-history":[{"count":1,"href":"https:\/\/crarn.org.br\/index.php?rest_route=\/wp\/v2\/posts\/68495\/revisions"}],"predecessor-version":[{"id":68498,"href":"https:\/\/crarn.org.br\/index.php?rest_route=\/wp\/v2\/posts\/68495\/revisions\/68498"}],"wp:featuredmedia":[{"embeddable":true,"href":"https:\/\/crarn.org.br\/index.php?rest_route=\/wp\/v2\/media\/68500"}],"wp:attachment":[{"href":"https:\/\/crarn.org.br\/index.php?rest_route=%2Fwp%2Fv2%2Fmedia&parent=68495"}],"wp:term":[{"taxonomy":"category","embeddable":true,"href":"https:\/\/crarn.org.br\/index.php?rest_route=%2Fwp%2Fv2%2Fcategories&post=68495"},{"taxonomy":"post_tag","embeddable":true,"href":"https:\/\/crarn.org.br\/index.php?rest_route=%2Fwp%2Fv2%2Ftags&post=68495"}],"curies":[{"name":"wp","href":"https:\/\/api.w.org\/{rel}","templated":true}]}}