{"id":68491,"date":"2026-03-09T13:59:08","date_gmt":"2026-03-09T16:59:08","guid":{"rendered":"https:\/\/crarn.org.br\/?p=68491"},"modified":"2026-03-09T13:59:09","modified_gmt":"2026-03-09T16:59:09","slug":"cra-rn-e-comissao-adm-mulher-celebram-o-dia-internacional-da-mulher-com-homenagem-e-palestra-especial","status":"publish","type":"post","link":"https:\/\/crarn.org.br\/?p=68491","title":{"rendered":"CRA-RN e Comiss\u00e3o ADM Mulher celebram o Dia Internacional da Mulher com homenagem e palestra especial"},"content":{"rendered":"\n<p>O Conselho Regional de Administra\u00e7\u00e3o do Rio Grande do Norte (CRA-RN), em parceria com a Comiss\u00e3o ADM Mulher, realizou no \u00faltimo domingo (08\/03) uma programa\u00e7\u00e3o especial em comemora\u00e7\u00e3o ao Dia Internacional da Mulher. O evento reuniu profissionais da Administra\u00e7\u00e3o para um momento de celebra\u00e7\u00e3o, reconhecimento e reflex\u00e3o sobre o protagonismo feminino na \u00e1rea.<\/p>\n<p>A abertura foi conduzida pelo presidente do CRA-RN, Adm. Fl\u00e1vio Em\u00edlio Cavalcanti, que destacou a import\u00e2ncia da presen\u00e7a e da lideran\u00e7a das mulheres na Administra\u00e7\u00e3o. Em seguida, a coordenadora da Comiss\u00e3o ADM Mulher, Adm. Alice Dantas, refor\u00e7ou o papel da iniciativa na valoriza\u00e7\u00e3o das profissionais e no fortalecimento do espa\u00e7o feminino na gest\u00e3o. Ap\u00f3s as falas iniciais, foi servido um caf\u00e9 da manh\u00e3 de confraterniza\u00e7\u00e3o para os participantes.<\/p>\n<p>Na retomada da programa\u00e7\u00e3o, o conselheiro federal pelo RN, Adm. J\u00falio Rezende, iniciou o momento de homenagem \u00e0 administradora L\u00facia Almira de Medeiros Chacon, profissional que deixou uma marca profunda na hist\u00f3ria da Administra\u00e7\u00e3o no Rio Grande do Norte e que faleceu recentemente.<\/p>\n<p>A homenagem foi conduzida pela administradora Ione de Medeiros Salem \u2014 ex-presidente do CRA-RN, ex-conselheira federal e mentora da Comiss\u00e3o ADM Mulher Nacional \u2014 que destacou a trajet\u00f3ria profissional e humana de L\u00facia Almira, ressaltando sua relev\u00e2ncia para a Administra\u00e7\u00e3o no estado e sua influ\u00eancia pessoal em sua pr\u00f3pria caminhada.<\/p>\n<p>Em depoimento emocionado, Ione lembrou n\u00e3o apenas a carreira brilhante da homenageada, mas tamb\u00e9m seu exemplo de humanidade e inspira\u00e7\u00e3o.<\/p>\n<blockquote>\n<p><em>\u201cVou dar um depoimento sobre o lado humano, a pessoa de L\u00facia Almira, que \u00e9 sin\u00f4nimo de amizade, sororidade, humanidade e inspira\u00e7\u00e3o. Tive o privil\u00e9gio de estudar com L\u00facia desde a gradua\u00e7\u00e3o em Administra\u00e7\u00e3o, em sua primeira turma. Em 1988, lutamos juntas pela cria\u00e7\u00e3o do Conselho no Rio Grande do Norte.\u201d<\/em><\/p>\n<\/blockquote>\n<p>L\u00facia Almira tamb\u00e9m teve papel determinante na cria\u00e7\u00e3o do CRA-RN. Ao lado de outros profissionais, liderou um movimento que resultou na forma\u00e7\u00e3o de um grupo de trabalho respons\u00e1vel pela cria\u00e7\u00e3o do Conselho em 1988, durante o ENBRA realizado em Natal.<\/p>\n<p>Ao final da homenagem, F\u00e1bio de Medeiros Chacon, filho da administradora, recebeu a placa comemorativa em reconhecimento \u00e0 trajet\u00f3ria e \u00e0 contribui\u00e7\u00e3o de sua m\u00e3e para a Administra\u00e7\u00e3o no estado e agradeceu, em nome da fam\u00edlia, a lembran\u00e7a e o reconhecimento.<\/p>\n<p>Dando continuidade \u00e0 programa\u00e7\u00e3o, a escritora Maria Elza Bezerra Cirne ministrou a palestra sobre o livro <em>\u201cVi\u00fava Machado \u2013 A grandeza de uma mulher\u201d<\/em>, de sua autoria. Na obra, a autora resgata a hist\u00f3ria de Dona Am\u00e9lia Machado, personagem envolta em uma antiga lenda urbana de Natal. O livro apresenta a verdadeira trajet\u00f3ria da empres\u00e1ria que, ap\u00f3s ficar vi\u00fava em 1934, assumiu neg\u00f3cios de sucesso e enfrentou boatos difamat\u00f3rios que deram origem ao mito do \u201cpapa-figo\u201d. A publica\u00e7\u00e3o busca restaurar sua imagem real, destacando sua for\u00e7a, determina\u00e7\u00e3o e esp\u00edrito empreendedor.<\/p>\n<p>Ao final do evento, todas as mulheres presentes foram homenageadas com a entrega de um bot\u00e3o de rosa, simbolizando reconhecimento, respeito e valoriza\u00e7\u00e3o pelo papel que desempenham na sociedade e na Administra\u00e7\u00e3o.<\/p>\n<p>\u00a0<\/p>\n<button class=\"simplefavorite-button\" data-postid=\"68491\" data-siteid=\"1\" data-groupid=\"1\" data-favoritecount=\"0\" style=\"\">Favorite <i class=\"sf-icon-star-empty\"><\/i><\/button>","protected":false},"excerpt":{"rendered":"<p>O Conselho Regional de Administra\u00e7\u00e3o do Rio Grande do Norte (CRA-RN), em parceria com a Comiss\u00e3o ADM Mulher, realizou no \u00faltimo domingo (08\/03) uma programa\u00e7\u00e3o especial em comemora\u00e7\u00e3o ao Dia Internacional da Mulher. O evento reuniu profissionais da Administra\u00e7\u00e3o para um momento de celebra\u00e7\u00e3o, reconhecimento e reflex\u00e3o sobre o protagonismo feminino na \u00e1rea. A abertura<a class=\"read-more\" href=\"https:\/\/crarn.org.br\/?p=68491\"> [&hellip;]<\/a><\/p>\n","protected":false},"author":26,"featured_media":68492,"comment_status":"closed","ping_status":"open","sticky":false,"template":"","format":"standard","meta":{"_price":"","_stock":"","_tribe_ticket_header":"","_tribe_default_ticket_provider":"","_tribe_ticket_capacity":"0","_ticket_start_date":"","_ticket_end_date":"","_tribe_ticket_show_description":"","_tribe_ticket_show_not_going":false,"_tribe_ticket_use_global_stock":"","_tribe_ticket_global_stock_level":"","_global_stock_mode":"","_global_stock_cap":"","_tribe_rsvp_for_event":"","_tribe_ticket_going_count":"","_tribe_ticket_not_going_count":"","_tribe_tickets_list":"[]","_tribe_ticket_has_attendee_info_fields":false,"footnotes":"","_links_to":"","_links_to_target":""},"categories":[589,310,320,399,309],"tags":[],"class_list":["post-68491","post","type-post","status-publish","format-standard","has-post-thumbnail","hentry","category-ano-2026-ultimas-noticias","category-destaque-grande","category-home","category-institucional","category-ultimas-noticias","entry","has-media"],"_links":{"self":[{"href":"https:\/\/crarn.org.br\/index.php?rest_route=\/wp\/v2\/posts\/68491","targetHints":{"allow":["GET"]}}],"collection":[{"href":"https:\/\/crarn.org.br\/index.php?rest_route=\/wp\/v2\/posts"}],"about":[{"href":"https:\/\/crarn.org.br\/index.php?rest_route=\/wp\/v2\/types\/post"}],"author":[{"embeddable":true,"href":"https:\/\/crarn.org.br\/index.php?rest_route=\/wp\/v2\/users\/26"}],"replies":[{"embeddable":true,"href":"https:\/\/crarn.org.br\/index.php?rest_route=%2Fwp%2Fv2%2Fcomments&post=68491"}],"version-history":[{"count":3,"href":"https:\/\/crarn.org.br\/index.php?rest_route=\/wp\/v2\/posts\/68491\/revisions"}],"predecessor-version":[{"id":68496,"href":"https:\/\/crarn.org.br\/index.php?rest_route=\/wp\/v2\/posts\/68491\/revisions\/68496"}],"wp:featuredmedia":[{"embeddable":true,"href":"https:\/\/crarn.org.br\/index.php?rest_route=\/wp\/v2\/media\/68492"}],"wp:attachment":[{"href":"https:\/\/crarn.org.br\/index.php?rest_route=%2Fwp%2Fv2%2Fmedia&parent=68491"}],"wp:term":[{"taxonomy":"category","embeddable":true,"href":"https:\/\/crarn.org.br\/index.php?rest_route=%2Fwp%2Fv2%2Fcategories&post=68491"},{"taxonomy":"post_tag","embeddable":true,"href":"https:\/\/crarn.org.br\/index.php?rest_route=%2Fwp%2Fv2%2Ftags&post=68491"}],"curies":[{"name":"wp","href":"https:\/\/api.w.org\/{rel}","templated":true}]}}