{"id":68486,"date":"2026-03-07T22:33:56","date_gmt":"2026-03-08T01:33:56","guid":{"rendered":"https:\/\/crarn.org.br\/?p=68486"},"modified":"2026-03-07T22:33:57","modified_gmt":"2026-03-08T01:33:57","slug":"parabens-para-as-mulheres-que-transformam-a-gestao","status":"publish","type":"post","link":"https:\/\/crarn.org.br\/?p=68486","title":{"rendered":"Parab\u00e9ns para as mulheres que transformam a gest\u00e3o"},"content":{"rendered":"\n<p>No Dia Internacional da Mulher, celebramos a for\u00e7a, a compet\u00eancia e a capacidade de lideran\u00e7a das profissionais de Administra\u00e7\u00e3o. Em organiza\u00e7\u00f5es p\u00fablicas e privadas, as mulheres administradoras t\u00eam conduzido gest\u00f5es estrat\u00e9gicas, inovadoras e cada vez mais transformadoras, contribuindo para o desenvolvimento das institui\u00e7\u00f5es e da sociedade.<\/p>\n\n\n\n<p>O Conselho Regional de Administra\u00e7\u00e3o do Rio Grande do Norte parabeniza todas as profissionais que, com talento, dedica\u00e7\u00e3o e vis\u00e3o de futuro, fortalecem diariamente a Administra\u00e7\u00e3o e inspiram novas gera\u00e7\u00f5es de l\u00edderes. <\/p>\n<button class=\"simplefavorite-button\" data-postid=\"68486\" data-siteid=\"1\" data-groupid=\"1\" data-favoritecount=\"0\" style=\"\">Favorite <i class=\"sf-icon-star-empty\"><\/i><\/button>","protected":false},"excerpt":{"rendered":"<p>No Dia Internacional da Mulher, celebramos a for\u00e7a, a compet\u00eancia e a capacidade de lideran\u00e7a das profissionais de Administra\u00e7\u00e3o. Em organiza\u00e7\u00f5es p\u00fablicas e privadas, as mulheres administradoras t\u00eam conduzido gest\u00f5es estrat\u00e9gicas, inovadoras e cada vez mais transformadoras, contribuindo para o desenvolvimento das institui\u00e7\u00f5es e da sociedade. O Conselho Regional de Administra\u00e7\u00e3o do Rio Grande do<a class=\"read-more\" href=\"https:\/\/crarn.org.br\/?p=68486\"> [&hellip;]<\/a><\/p>\n","protected":false},"author":26,"featured_media":68487,"comment_status":"closed","ping_status":"open","sticky":false,"template":"","format":"standard","meta":{"_price":"","_stock":"","_tribe_ticket_header":"","_tribe_default_ticket_provider":"","_tribe_ticket_capacity":"0","_ticket_start_date":"","_ticket_end_date":"","_tribe_ticket_show_description":"","_tribe_ticket_show_not_going":false,"_tribe_ticket_use_global_stock":"","_tribe_ticket_global_stock_level":"","_global_stock_mode":"","_global_stock_cap":"","_tribe_rsvp_for_event":"","_tribe_ticket_going_count":"","_tribe_ticket_not_going_count":"","_tribe_tickets_list":"[]","_tribe_ticket_has_attendee_info_fields":false,"footnotes":"","_links_to":"","_links_to_target":""},"categories":[588,589,310,309],"tags":[],"class_list":["post-68486","post","type-post","status-publish","format-standard","has-post-thumbnail","hentry","category-ano-2026","category-ano-2026-ultimas-noticias","category-destaque-grande","category-ultimas-noticias","entry","has-media"],"_links":{"self":[{"href":"https:\/\/crarn.org.br\/index.php?rest_route=\/wp\/v2\/posts\/68486","targetHints":{"allow":["GET"]}}],"collection":[{"href":"https:\/\/crarn.org.br\/index.php?rest_route=\/wp\/v2\/posts"}],"about":[{"href":"https:\/\/crarn.org.br\/index.php?rest_route=\/wp\/v2\/types\/post"}],"author":[{"embeddable":true,"href":"https:\/\/crarn.org.br\/index.php?rest_route=\/wp\/v2\/users\/26"}],"replies":[{"embeddable":true,"href":"https:\/\/crarn.org.br\/index.php?rest_route=%2Fwp%2Fv2%2Fcomments&post=68486"}],"version-history":[{"count":2,"href":"https:\/\/crarn.org.br\/index.php?rest_route=\/wp\/v2\/posts\/68486\/revisions"}],"predecessor-version":[{"id":68489,"href":"https:\/\/crarn.org.br\/index.php?rest_route=\/wp\/v2\/posts\/68486\/revisions\/68489"}],"wp:featuredmedia":[{"embeddable":true,"href":"https:\/\/crarn.org.br\/index.php?rest_route=\/wp\/v2\/media\/68487"}],"wp:attachment":[{"href":"https:\/\/crarn.org.br\/index.php?rest_route=%2Fwp%2Fv2%2Fmedia&parent=68486"}],"wp:term":[{"taxonomy":"category","embeddable":true,"href":"https:\/\/crarn.org.br\/index.php?rest_route=%2Fwp%2Fv2%2Fcategories&post=68486"},{"taxonomy":"post_tag","embeddable":true,"href":"https:\/\/crarn.org.br\/index.php?rest_route=%2Fwp%2Fv2%2Ftags&post=68486"}],"curies":[{"name":"wp","href":"https:\/\/api.w.org\/{rel}","templated":true}]}}