{"id":68481,"date":"2026-03-06T15:13:25","date_gmt":"2026-03-06T18:13:25","guid":{"rendered":"https:\/\/crarn.org.br\/?p=68481"},"modified":"2026-03-06T15:32:15","modified_gmt":"2026-03-06T18:32:15","slug":"cra-rn-marca-presenca-na-viii-convencao-do-sistema-cfa-cras","status":"publish","type":"post","link":"https:\/\/crarn.org.br\/?p=68481","title":{"rendered":"CRA-RN marca presen\u00e7a na VIII Conven\u00e7\u00e3o do Sistema CFA\/CRAs"},"content":{"rendered":"\n<p><br>O Conselho Regional de Administra\u00e7\u00e3o do Rio Grande do Norte (CRA-RN) participa, de 04 a 06 de mar\u00e7o, da VIII Conven\u00e7\u00e3o do Sistema CFA\/CRAs, realizada em Bras\u00edlia. O evento re\u00fane representantes de todo o pa\u00eds para debater diretrizes estrat\u00e9gicas, alinhar a\u00e7\u00f5es institucionais e fortalecer a atua\u00e7\u00e3o do Sistema em \u00e2mbito nacional.<\/p>\n\n\n\n<p>A delega\u00e7\u00e3o do CRA-RN \u00e9 liderada pelo presidente, Adm. Fl\u00e1vio Em\u00edlio Cavalcanti, e conta com a participa\u00e7\u00e3o do conselheiro federal pelo RN, Adm. J\u00falio Rezende; da diretora de Fiscaliza\u00e7\u00e3o e Registro, Adm. Kate Maciel; da diretora Administrativo-Financeira, Adm. C\u00e9lia Ribeiro; da gerente executiva, Adm. Silvana Avelar; da respons\u00e1vel pela cobran\u00e7a, Juliana Lacerda; e da assessora de Comunica\u00e7\u00e3o, jornalista Mar\u00edlia Tin\u00f4co.<br \/>Tamb\u00e9m integram a comitiva a coordenadora de Registro, Suerda Maciel; o assessor jur\u00eddico, Andr\u00e9 Medeiros; a coordenadora de Fiscaliza\u00e7\u00e3o, Adm. Tatiana Costa Pinto; e o fiscal, Adm. F\u00e1bio Maia.<\/p>\n\n\n\n<p>Estes ultimos, antes da abertura oficial da Conven\u00e7\u00e3o, ja estavam na cidade, participarando de encontros espec\u00edficos de suas \u00e1reas de atua\u00e7\u00e3o, como o Encontro Nacional de Fiscais do Sistema &#8211; ENAF e o Encontro Nacional dos Assessores Juridicos &#8211; ENAJUR, ampliando o debate t\u00e9cnico e promovendo a troca de experi\u00eancias entre os Conselhos.<\/p>\n\n\n\n<p>A presen\u00e7a ativa do CRA-RN refor\u00e7a o compromisso da gest\u00e3o com o fortalecimento institucional, a integra\u00e7\u00e3o do Sistema CFA\/CRAs e a valoriza\u00e7\u00e3o dos profissionais de Administra\u00e7\u00e3o do Rio Grande do Norte.<\/p>\n\n\n\n\n<button class=\"simplefavorite-button\" data-postid=\"68481\" data-siteid=\"1\" data-groupid=\"1\" data-favoritecount=\"0\" style=\"\">Favorite <i class=\"sf-icon-star-empty\"><\/i><\/button>","protected":false},"excerpt":{"rendered":"<p>O Conselho Regional de Administra\u00e7\u00e3o do Rio Grande do Norte (CRA-RN) participa, de 04 a 06 de mar\u00e7o, da VIII Conven\u00e7\u00e3o do Sistema CFA\/CRAs, realizada em Bras\u00edlia. O evento re\u00fane representantes de todo o pa\u00eds para debater diretrizes estrat\u00e9gicas, alinhar a\u00e7\u00f5es institucionais e fortalecer a atua\u00e7\u00e3o do Sistema em \u00e2mbito nacional. A delega\u00e7\u00e3o do CRA-RN<a class=\"read-more\" href=\"https:\/\/crarn.org.br\/?p=68481\"> [&hellip;]<\/a><\/p>\n","protected":false},"author":26,"featured_media":68485,"comment_status":"closed","ping_status":"open","sticky":false,"template":"","format":"standard","meta":{"_price":"","_stock":"","_tribe_ticket_header":"","_tribe_default_ticket_provider":"","_tribe_ticket_capacity":"0","_ticket_start_date":"","_ticket_end_date":"","_tribe_ticket_show_description":"","_tribe_ticket_show_not_going":false,"_tribe_ticket_use_global_stock":"","_tribe_ticket_global_stock_level":"","_global_stock_mode":"","_global_stock_cap":"","_tribe_rsvp_for_event":"","_tribe_ticket_going_count":"","_tribe_ticket_not_going_count":"","_tribe_tickets_list":"[]","_tribe_ticket_has_attendee_info_fields":false,"footnotes":"","_links_to":"","_links_to_target":""},"categories":[589,310,399,309],"tags":[],"class_list":["post-68481","post","type-post","status-publish","format-standard","has-post-thumbnail","hentry","category-ano-2026-ultimas-noticias","category-destaque-grande","category-institucional","category-ultimas-noticias","entry","has-media"],"_links":{"self":[{"href":"https:\/\/crarn.org.br\/index.php?rest_route=\/wp\/v2\/posts\/68481","targetHints":{"allow":["GET"]}}],"collection":[{"href":"https:\/\/crarn.org.br\/index.php?rest_route=\/wp\/v2\/posts"}],"about":[{"href":"https:\/\/crarn.org.br\/index.php?rest_route=\/wp\/v2\/types\/post"}],"author":[{"embeddable":true,"href":"https:\/\/crarn.org.br\/index.php?rest_route=\/wp\/v2\/users\/26"}],"replies":[{"embeddable":true,"href":"https:\/\/crarn.org.br\/index.php?rest_route=%2Fwp%2Fv2%2Fcomments&post=68481"}],"version-history":[{"count":1,"href":"https:\/\/crarn.org.br\/index.php?rest_route=\/wp\/v2\/posts\/68481\/revisions"}],"predecessor-version":[{"id":68483,"href":"https:\/\/crarn.org.br\/index.php?rest_route=\/wp\/v2\/posts\/68481\/revisions\/68483"}],"wp:featuredmedia":[{"embeddable":true,"href":"https:\/\/crarn.org.br\/index.php?rest_route=\/wp\/v2\/media\/68485"}],"wp:attachment":[{"href":"https:\/\/crarn.org.br\/index.php?rest_route=%2Fwp%2Fv2%2Fmedia&parent=68481"}],"wp:term":[{"taxonomy":"category","embeddable":true,"href":"https:\/\/crarn.org.br\/index.php?rest_route=%2Fwp%2Fv2%2Fcategories&post=68481"},{"taxonomy":"post_tag","embeddable":true,"href":"https:\/\/crarn.org.br\/index.php?rest_route=%2Fwp%2Fv2%2Ftags&post=68481"}],"curies":[{"name":"wp","href":"https:\/\/api.w.org\/{rel}","templated":true}]}}