{"id":68412,"date":"2026-01-16T15:13:59","date_gmt":"2026-01-16T18:13:59","guid":{"rendered":"https:\/\/crarn.org.br\/?p=68412"},"modified":"2026-01-16T15:15:49","modified_gmt":"2026-01-16T18:15:49","slug":"presidente-do-cra-rn-participa-de-colacao-de-grau-da-uni-rn","status":"publish","type":"post","link":"https:\/\/crarn.org.br\/?p=68412","title":{"rendered":"Presidente do CRA-RN participa de cola\u00e7\u00e3o de grau da UNI-RN"},"content":{"rendered":"\n<p>O presidente do Conselho Regional de Administra\u00e7\u00e3o do Rio Grande do Norte (CRA-RN), Adm. Fl\u00e1vio Em\u00edlio Cavalcanti, participou, na tarde desta quinta-feira (15\/01), da cerim\u00f4nia de cola\u00e7\u00e3o de grau do curso de Administra\u00e7\u00e3o da UNI RN<\/p>\n<p>O evento contou com a formatura, tamb\u00e9m, dos cursos de Ci\u00eancias Cont\u00e1beis e Psicologia. Realizado no Teatro Riachuelo, marcou a conclus\u00e3o da forma\u00e7\u00e3o acad\u00eamica dos novos profissionais, em um momento solene que simboliza o in\u00edcio de uma nova etapa na trajet\u00f3ria profissional dos formandos.<\/p>\n<p>A presen\u00e7a do presidente do CRA-RN refor\u00e7a a aproxima\u00e7\u00e3o institucional com a comunidade acad\u00eamica e o compromisso do Conselho com a valoriza\u00e7\u00e3o e o fortalecimento das profiss\u00f5es regulamentadas.<\/p>\n<button class=\"simplefavorite-button\" data-postid=\"68412\" data-siteid=\"1\" data-groupid=\"1\" data-favoritecount=\"0\" style=\"\">Favorite <i class=\"sf-icon-star-empty\"><\/i><\/button>","protected":false},"excerpt":{"rendered":"<p>O presidente do Conselho Regional de Administra\u00e7\u00e3o do Rio Grande do Norte (CRA-RN), Adm. Fl\u00e1vio Em\u00edlio Cavalcanti, participou, na tarde desta quinta-feira (15\/01), da cerim\u00f4nia de cola\u00e7\u00e3o de grau do curso de Administra\u00e7\u00e3o da UNI RN O evento contou com a formatura, tamb\u00e9m, dos cursos de Ci\u00eancias Cont\u00e1beis e Psicologia. Realizado no Teatro Riachuelo, marcou<a class=\"read-more\" href=\"https:\/\/crarn.org.br\/?p=68412\"> [&hellip;]<\/a><\/p>\n","protected":false},"author":26,"featured_media":68413,"comment_status":"closed","ping_status":"open","sticky":false,"template":"","format":"standard","meta":{"_price":"","_stock":"","_tribe_ticket_header":"","_tribe_default_ticket_provider":"","_tribe_ticket_capacity":"0","_ticket_start_date":"","_ticket_end_date":"","_tribe_ticket_show_description":"","_tribe_ticket_show_not_going":false,"_tribe_ticket_use_global_stock":"","_tribe_ticket_global_stock_level":"","_global_stock_mode":"","_global_stock_cap":"","_tribe_rsvp_for_event":"","_tribe_ticket_going_count":"","_tribe_ticket_not_going_count":"","_tribe_tickets_list":"[]","_tribe_ticket_has_attendee_info_fields":false,"footnotes":"","_links_to":"","_links_to_target":""},"categories":[589,312,320,309],"tags":[],"class_list":["post-68412","post","type-post","status-publish","format-standard","has-post-thumbnail","hentry","category-ano-2026-ultimas-noticias","category-destaque-pequeno-inferior","category-home","category-ultimas-noticias","entry","has-media"],"_links":{"self":[{"href":"https:\/\/crarn.org.br\/index.php?rest_route=\/wp\/v2\/posts\/68412","targetHints":{"allow":["GET"]}}],"collection":[{"href":"https:\/\/crarn.org.br\/index.php?rest_route=\/wp\/v2\/posts"}],"about":[{"href":"https:\/\/crarn.org.br\/index.php?rest_route=\/wp\/v2\/types\/post"}],"author":[{"embeddable":true,"href":"https:\/\/crarn.org.br\/index.php?rest_route=\/wp\/v2\/users\/26"}],"replies":[{"embeddable":true,"href":"https:\/\/crarn.org.br\/index.php?rest_route=%2Fwp%2Fv2%2Fcomments&post=68412"}],"version-history":[{"count":1,"href":"https:\/\/crarn.org.br\/index.php?rest_route=\/wp\/v2\/posts\/68412\/revisions"}],"predecessor-version":[{"id":68414,"href":"https:\/\/crarn.org.br\/index.php?rest_route=\/wp\/v2\/posts\/68412\/revisions\/68414"}],"wp:featuredmedia":[{"embeddable":true,"href":"https:\/\/crarn.org.br\/index.php?rest_route=\/wp\/v2\/media\/68413"}],"wp:attachment":[{"href":"https:\/\/crarn.org.br\/index.php?rest_route=%2Fwp%2Fv2%2Fmedia&parent=68412"}],"wp:term":[{"taxonomy":"category","embeddable":true,"href":"https:\/\/crarn.org.br\/index.php?rest_route=%2Fwp%2Fv2%2Fcategories&post=68412"},{"taxonomy":"post_tag","embeddable":true,"href":"https:\/\/crarn.org.br\/index.php?rest_route=%2Fwp%2Fv2%2Ftags&post=68412"}],"curies":[{"name":"wp","href":"https:\/\/api.w.org\/{rel}","templated":true}]}}