{"id":68406,"date":"2026-01-13T15:55:08","date_gmt":"2026-01-13T18:55:08","guid":{"rendered":"https:\/\/crarn.org.br\/?p=68406"},"modified":"2026-01-13T16:06:13","modified_gmt":"2026-01-13T19:06:13","slug":"reforma-da-sede-do-cra-rn-avanca-para-nova-fase","status":"publish","type":"post","link":"https:\/\/crarn.org.br\/?p=68406","title":{"rendered":"Reforma da sede do CRA-RN avan\u00e7a para nova fase"},"content":{"rendered":"\n<p>As obras de moderniza\u00e7\u00e3o da sede do Conselho Regional de Administra\u00e7\u00e3o do Rio Grande do Norte (CRA-RN) seguem em ritmo cont\u00ednuo e j\u00e1 alcan\u00e7aram uma nova etapa importante. Nesta semana, os trabalhos avan\u00e7aram para a fachada do pr\u00e9dio, que passar\u00e1 por uma modifica\u00e7\u00e3o completa, promovendo uma renova\u00e7\u00e3o est\u00e9tica e funcional do espa\u00e7o. J\u00e1 foram realizados a retirada da cal\u00e7ada, o in\u00edcio da rampa de acesso e os primeiros detalhes estruturais da nova fachada.<\/p>\n<p>No ambiente interno, a troca do piso encontra-se em fase final, e as interven\u00e7\u00f5es voltadas \u00e0 acessibilidade seguem em andamento, com a implanta\u00e7\u00e3o de rampas e o alargamento de portas, garantindo mais conforto, seguran\u00e7a e inclus\u00e3o para todos os usu\u00e1rios.<\/p>\n<p>Durante este per\u00edodo de obras, o CRA-RN n\u00e3o disp\u00f5e de condi\u00e7\u00f5es para atendimento presencial. As atividades administrativas continuam sendo realizadas em regime de home office, assegurando a continuidade dos servi\u00e7os. Todos os profissionais e empresas podem resolver suas demandas por meio do autoatendimento no site <a href=\"http:\/\/www.crarn.org.br\/\">www.crarn.org.br<\/a> ou pelos canais oficiais de atendimento:<\/p>\n<ul>\n<li>WhatsApp: (84) 3234-6672<\/li>\n<li>E-mail \u2013 Registro Profissional: <a href=\"mailto:registroprofissional@crarn.org.br\">registroprofissional@crarn.org.br<\/a><\/li>\n<li>E-mail \u2013 Financeiro: <a href=\"mailto:financeiro@crarn.org.br\">financeiro@crarn.org.br<\/a><\/li>\n<li>E-mail \u2013 Fiscaliza\u00e7\u00e3o: <a href=\"mailto:fiscalizacao@crarn.org.br\">fiscalizacao@crarn.org.br<\/a><\/li>\n<li>E-mail \u2013 Geral: <a href=\"mailto:cra-rn@crarn.org.br\">cra-rn@crarn.org.br<\/a><\/li>\n<\/ul>\n<p>O CRA-RN agradece a compreens\u00e3o de todos e refor\u00e7a que a reforma tem como objetivo oferecer, em breve, uma sede mais moderna, acess\u00edvel e adequada \u00e0s necessidades dos profissionais da Administra\u00e7\u00e3o no Rio Grande do Norte.<\/p>\n<button class=\"simplefavorite-button\" data-postid=\"68406\" data-siteid=\"1\" data-groupid=\"1\" data-favoritecount=\"0\" style=\"\">Favorite <i class=\"sf-icon-star-empty\"><\/i><\/button>","protected":false},"excerpt":{"rendered":"<p>As obras de moderniza\u00e7\u00e3o da sede do Conselho Regional de Administra\u00e7\u00e3o do Rio Grande do Norte (CRA-RN) seguem em ritmo cont\u00ednuo e j\u00e1 alcan\u00e7aram uma nova etapa importante. Nesta semana, os trabalhos avan\u00e7aram para a fachada do pr\u00e9dio, que passar\u00e1 por uma modifica\u00e7\u00e3o completa, promovendo uma renova\u00e7\u00e3o est\u00e9tica e funcional do espa\u00e7o. J\u00e1 foram realizados<a class=\"read-more\" href=\"https:\/\/crarn.org.br\/?p=68406\"> [&hellip;]<\/a><\/p>\n","protected":false},"author":26,"featured_media":68410,"comment_status":"closed","ping_status":"open","sticky":false,"template":"","format":"standard","meta":{"_price":"","_stock":"","_tribe_ticket_header":"","_tribe_default_ticket_provider":"","_tribe_ticket_capacity":"0","_ticket_start_date":"","_ticket_end_date":"","_tribe_ticket_show_description":"","_tribe_ticket_show_not_going":false,"_tribe_ticket_use_global_stock":"","_tribe_ticket_global_stock_level":"","_global_stock_mode":"","_global_stock_cap":"","_tribe_rsvp_for_event":"","_tribe_ticket_going_count":"","_tribe_ticket_not_going_count":"","_tribe_tickets_list":"[]","_tribe_ticket_has_attendee_info_fields":false,"footnotes":"","_links_to":"","_links_to_target":""},"categories":[589,310,320,399,309],"tags":[],"class_list":["post-68406","post","type-post","status-publish","format-standard","has-post-thumbnail","hentry","category-ano-2026-ultimas-noticias","category-destaque-grande","category-home","category-institucional","category-ultimas-noticias","entry","has-media"],"_links":{"self":[{"href":"https:\/\/crarn.org.br\/index.php?rest_route=\/wp\/v2\/posts\/68406","targetHints":{"allow":["GET"]}}],"collection":[{"href":"https:\/\/crarn.org.br\/index.php?rest_route=\/wp\/v2\/posts"}],"about":[{"href":"https:\/\/crarn.org.br\/index.php?rest_route=\/wp\/v2\/types\/post"}],"author":[{"embeddable":true,"href":"https:\/\/crarn.org.br\/index.php?rest_route=\/wp\/v2\/users\/26"}],"replies":[{"embeddable":true,"href":"https:\/\/crarn.org.br\/index.php?rest_route=%2Fwp%2Fv2%2Fcomments&post=68406"}],"version-history":[{"count":2,"href":"https:\/\/crarn.org.br\/index.php?rest_route=\/wp\/v2\/posts\/68406\/revisions"}],"predecessor-version":[{"id":68409,"href":"https:\/\/crarn.org.br\/index.php?rest_route=\/wp\/v2\/posts\/68406\/revisions\/68409"}],"wp:featuredmedia":[{"embeddable":true,"href":"https:\/\/crarn.org.br\/index.php?rest_route=\/wp\/v2\/media\/68410"}],"wp:attachment":[{"href":"https:\/\/crarn.org.br\/index.php?rest_route=%2Fwp%2Fv2%2Fmedia&parent=68406"}],"wp:term":[{"taxonomy":"category","embeddable":true,"href":"https:\/\/crarn.org.br\/index.php?rest_route=%2Fwp%2Fv2%2Fcategories&post=68406"},{"taxonomy":"post_tag","embeddable":true,"href":"https:\/\/crarn.org.br\/index.php?rest_route=%2Fwp%2Fv2%2Ftags&post=68406"}],"curies":[{"name":"wp","href":"https:\/\/api.w.org\/{rel}","templated":true}]}}