{"id":68401,"date":"2026-01-12T13:21:18","date_gmt":"2026-01-12T16:21:18","guid":{"rendered":"https:\/\/crarn.org.br\/?p=68401"},"modified":"2026-01-12T13:21:18","modified_gmt":"2026-01-12T16:21:18","slug":"desenvolve-adm-discute-a-inteligencia-artificial-e-processos","status":"publish","type":"post","link":"https:\/\/crarn.org.br\/?p=68401","title":{"rendered":"Desenvolve ADM discute a Intelig\u00eancia Artificial e processos"},"content":{"rendered":"\n<p>A sua gest\u00e3o est\u00e1 preparada para a era da Intelig\u00eancia Artificial?<\/p>\n<p>Mais do que tecnologia, \u00e9 sobre repensar processos, decis\u00f5es e resultados.<\/p>\n<p>No pr\u00f3ximo Desenvolve ADM, vamos discutir como a Intelig\u00eancia Artificial est\u00e1 redesenhando a gest\u00e3o e transformando a forma como organiza\u00e7\u00f5es planejam, executam e evoluem seus processos.<\/p>\n<p>Com Adm. Luiz Eduardo Peixoto, especialista em gest\u00e3o de processos e gest\u00e3o estrat\u00e9gica de pessoas. P\u00f3s-graduando em Neurocomunica\u00e7\u00e3o (PUC-PR). Atua em empresa de tecnologia com foco em melhoria cont\u00ednua, processos e IA no ramo de educa\u00e7\u00e3o.<\/p>\n<p>Durante a palestra \u201cIntelig\u00eancia Artificial e Processos: Redesenhando a Gest\u00e3o na Era Digital\u201d, voc\u00ea vai entender como aplicar a IA de forma estrat\u00e9gica para otimizar processos, gerar efici\u00eancia e apoiar decis\u00f5es mais inteligentes.<\/p>\n<p>Os profissionais e estudantes interessados podem participar fazendo a inscri\u00e7\u00e3o mediante a doa\u00e7\u00e3o de um pacote de 400g de leite em p\u00f3, que dever\u00e1 ser entregue na sede do CRA-RN at\u00e9 o dia 26\/01 para valida\u00e7\u00e3o da vaga.<\/p>\n<p>Inscri\u00e7\u00f5es no link<a href=\"https:\/\/forms.gle\/6rUBkqFQoDUXZC8W9\"> https:\/\/forms.gle\/6rUBkqFQoDUXZC8W9<\/a><\/p>\n<p>\u00a0<\/p>\n<p><strong>Data:<\/strong> 28\/01\/2026<\/p>\n<p><strong>Hor\u00e1rio:<\/strong> 19h<\/p>\n<p><strong>Formato: <\/strong>Online<\/p>\n<button class=\"simplefavorite-button\" data-postid=\"68401\" data-siteid=\"1\" data-groupid=\"1\" data-favoritecount=\"0\" style=\"\">Favorite <i class=\"sf-icon-star-empty\"><\/i><\/button>","protected":false},"excerpt":{"rendered":"<p>A sua gest\u00e3o est\u00e1 preparada para a era da Intelig\u00eancia Artificial? Mais do que tecnologia, \u00e9 sobre repensar processos, decis\u00f5es e resultados. No pr\u00f3ximo Desenvolve ADM, vamos discutir como a Intelig\u00eancia Artificial est\u00e1 redesenhando a gest\u00e3o e transformando a forma como organiza\u00e7\u00f5es planejam, executam e evoluem seus processos. Com Adm. Luiz Eduardo Peixoto, especialista em<a class=\"read-more\" href=\"https:\/\/crarn.org.br\/?p=68401\"> [&hellip;]<\/a><\/p>\n","protected":false},"author":26,"featured_media":68402,"comment_status":"closed","ping_status":"open","sticky":false,"template":"","format":"standard","meta":{"_price":"","_stock":"","_tribe_ticket_header":"","_tribe_default_ticket_provider":"","_tribe_ticket_capacity":"0","_ticket_start_date":"","_ticket_end_date":"","_tribe_ticket_show_description":"","_tribe_ticket_show_not_going":false,"_tribe_ticket_use_global_stock":"","_tribe_ticket_global_stock_level":"","_global_stock_mode":"","_global_stock_cap":"","_tribe_rsvp_for_event":"","_tribe_ticket_going_count":"","_tribe_ticket_not_going_count":"","_tribe_tickets_list":"[]","_tribe_ticket_has_attendee_info_fields":false,"footnotes":"","_links_to":"","_links_to_target":""},"categories":[589,310,320,399,309],"tags":[],"class_list":["post-68401","post","type-post","status-publish","format-standard","has-post-thumbnail","hentry","category-ano-2026-ultimas-noticias","category-destaque-grande","category-home","category-institucional","category-ultimas-noticias","entry","has-media"],"_links":{"self":[{"href":"https:\/\/crarn.org.br\/index.php?rest_route=\/wp\/v2\/posts\/68401","targetHints":{"allow":["GET"]}}],"collection":[{"href":"https:\/\/crarn.org.br\/index.php?rest_route=\/wp\/v2\/posts"}],"about":[{"href":"https:\/\/crarn.org.br\/index.php?rest_route=\/wp\/v2\/types\/post"}],"author":[{"embeddable":true,"href":"https:\/\/crarn.org.br\/index.php?rest_route=\/wp\/v2\/users\/26"}],"replies":[{"embeddable":true,"href":"https:\/\/crarn.org.br\/index.php?rest_route=%2Fwp%2Fv2%2Fcomments&post=68401"}],"version-history":[{"count":2,"href":"https:\/\/crarn.org.br\/index.php?rest_route=\/wp\/v2\/posts\/68401\/revisions"}],"predecessor-version":[{"id":68404,"href":"https:\/\/crarn.org.br\/index.php?rest_route=\/wp\/v2\/posts\/68401\/revisions\/68404"}],"wp:featuredmedia":[{"embeddable":true,"href":"https:\/\/crarn.org.br\/index.php?rest_route=\/wp\/v2\/media\/68402"}],"wp:attachment":[{"href":"https:\/\/crarn.org.br\/index.php?rest_route=%2Fwp%2Fv2%2Fmedia&parent=68401"}],"wp:term":[{"taxonomy":"category","embeddable":true,"href":"https:\/\/crarn.org.br\/index.php?rest_route=%2Fwp%2Fv2%2Fcategories&post=68401"},{"taxonomy":"post_tag","embeddable":true,"href":"https:\/\/crarn.org.br\/index.php?rest_route=%2Fwp%2Fv2%2Ftags&post=68401"}],"curies":[{"name":"wp","href":"https:\/\/api.w.org\/{rel}","templated":true}]}}