{"id":68283,"date":"2025-12-05T14:10:09","date_gmt":"2025-12-05T17:10:09","guid":{"rendered":"https:\/\/crarn.org.br\/?p=68283"},"modified":"2025-12-05T14:10:10","modified_gmt":"2025-12-05T17:10:10","slug":"presidente-do-cra-rn-participa-da-inauguracao-da-nova-casa-do-comercio","status":"publish","type":"post","link":"https:\/\/crarn.org.br\/?p=68283","title":{"rendered":"Presidente do CRA-RN participa da inaugura\u00e7\u00e3o da nova Casa do Com\u00e9rcio"},"content":{"rendered":"\n<p>O presidente do Conselho Regional de Administra\u00e7\u00e3o do Rio Grande do Norte (CRA-RN), Adm. Fl\u00e1vio Em\u00edlio Cavalcanti, participou, nesta quinta-feira (4), da inaugura\u00e7\u00e3o da Casa do Com\u00e9rcio Jos\u00e9 Roberto Tadros, nova sede administrativa da Fecom\u00e9rcio RN. Localizada em Lagoa Nova, zona Sul de Natal, a nova estrutura re\u00fane, em um \u00fanico endere\u00e7o, as equipes administrativas da Fecom\u00e9rcio, do Sesc e do Senac, fortalecendo a integra\u00e7\u00e3o institucional do Sistema.<\/p>\n<p>Com mais de 7,2 mil metros quadrados, o edif\u00edcio comporta aproximadamente 460 postos de trabalho, al\u00e9m de contar com um audit\u00f3rio para 220 pessoas, rooftop para eventos com capacidade para 150 convidados, 104 vagas de estacionamento, subsolo, t\u00e9rreo e seis pavimentos. Um espa\u00e7o moderno e planejado para promover maior efici\u00eancia operacional e qualificar ainda mais a presta\u00e7\u00e3o de servi\u00e7os no Rio Grande do Norte.<\/p>\n<p>Durante o evento, o presidente Fl\u00e1vio Em\u00edlio encontrou\u00a0 profissionais de Administra\u00e7\u00e3o que prestigiaram a inaugura\u00e7\u00e3o, entre eles a Adm. Adrina de Souza e o Adm. Ant\u00f4nio Carlos Ferreira, refor\u00e7ando a representatividade da categoria no cen\u00e1rio institucional potiguar.<\/p>\n<p>A Casa do Com\u00e9rcio homenageia o presidente da CNC, Jos\u00e9 Roberto Tadros, que d\u00e1 nome ao edif\u00edcio, destacando sua contribui\u00e7\u00e3o ao Sistema Com\u00e9rcio em todo o pa\u00eds. A inaugura\u00e7\u00e3o marca um passo importante na moderniza\u00e7\u00e3o e no fortalecimento das a\u00e7\u00f5es desenvolvidas pela Fecom\u00e9rcio, Sesc e Senac no Estado.<\/p>\n<p>\u00a0<\/p>\n<button class=\"simplefavorite-button\" data-postid=\"68283\" data-siteid=\"1\" data-groupid=\"1\" data-favoritecount=\"0\" style=\"\">Favorite <i class=\"sf-icon-star-empty\"><\/i><\/button>","protected":false},"excerpt":{"rendered":"<p>O presidente do Conselho Regional de Administra\u00e7\u00e3o do Rio Grande do Norte (CRA-RN), Adm. Fl\u00e1vio Em\u00edlio Cavalcanti, participou, nesta quinta-feira (4), da inaugura\u00e7\u00e3o da Casa do Com\u00e9rcio Jos\u00e9 Roberto Tadros, nova sede administrativa da Fecom\u00e9rcio RN. Localizada em Lagoa Nova, zona Sul de Natal, a nova estrutura re\u00fane, em um \u00fanico endere\u00e7o, as equipes administrativas<a class=\"read-more\" href=\"https:\/\/crarn.org.br\/?p=68283\"> [&hellip;]<\/a><\/p>\n","protected":false},"author":26,"featured_media":68284,"comment_status":"closed","ping_status":"open","sticky":false,"template":"","format":"standard","meta":{"_price":"","_stock":"","_tribe_ticket_header":"","_tribe_default_ticket_provider":"","_tribe_ticket_capacity":"0","_ticket_start_date":"","_ticket_end_date":"","_tribe_ticket_show_description":"","_tribe_ticket_show_not_going":false,"_tribe_ticket_use_global_stock":"","_tribe_ticket_global_stock_level":"","_global_stock_mode":"","_global_stock_cap":"","_tribe_rsvp_for_event":"","_tribe_ticket_going_count":"","_tribe_ticket_not_going_count":"","_tribe_tickets_list":"[]","_tribe_ticket_has_attendee_info_fields":false,"footnotes":"","_links_to":"","_links_to_target":""},"categories":[585,310,320,399,309],"tags":[],"class_list":["post-68283","post","type-post","status-publish","format-standard","has-post-thumbnail","hentry","category-ano-2025","category-destaque-grande","category-home","category-institucional","category-ultimas-noticias","entry","has-media"],"_links":{"self":[{"href":"https:\/\/crarn.org.br\/index.php?rest_route=\/wp\/v2\/posts\/68283","targetHints":{"allow":["GET"]}}],"collection":[{"href":"https:\/\/crarn.org.br\/index.php?rest_route=\/wp\/v2\/posts"}],"about":[{"href":"https:\/\/crarn.org.br\/index.php?rest_route=\/wp\/v2\/types\/post"}],"author":[{"embeddable":true,"href":"https:\/\/crarn.org.br\/index.php?rest_route=\/wp\/v2\/users\/26"}],"replies":[{"embeddable":true,"href":"https:\/\/crarn.org.br\/index.php?rest_route=%2Fwp%2Fv2%2Fcomments&post=68283"}],"version-history":[{"count":1,"href":"https:\/\/crarn.org.br\/index.php?rest_route=\/wp\/v2\/posts\/68283\/revisions"}],"predecessor-version":[{"id":68285,"href":"https:\/\/crarn.org.br\/index.php?rest_route=\/wp\/v2\/posts\/68283\/revisions\/68285"}],"wp:featuredmedia":[{"embeddable":true,"href":"https:\/\/crarn.org.br\/index.php?rest_route=\/wp\/v2\/media\/68284"}],"wp:attachment":[{"href":"https:\/\/crarn.org.br\/index.php?rest_route=%2Fwp%2Fv2%2Fmedia&parent=68283"}],"wp:term":[{"taxonomy":"category","embeddable":true,"href":"https:\/\/crarn.org.br\/index.php?rest_route=%2Fwp%2Fv2%2Fcategories&post=68283"},{"taxonomy":"post_tag","embeddable":true,"href":"https:\/\/crarn.org.br\/index.php?rest_route=%2Fwp%2Fv2%2Ftags&post=68283"}],"curies":[{"name":"wp","href":"https:\/\/api.w.org\/{rel}","templated":true}]}}