{"id":68280,"date":"2025-12-04T16:22:42","date_gmt":"2025-12-04T19:22:42","guid":{"rendered":"https:\/\/crarn.org.br\/?p=68280"},"modified":"2025-12-04T16:22:43","modified_gmt":"2025-12-04T19:22:43","slug":"encerrando-o-ciclo-fiscalizacao-do-cra-rn-finaliza-acoes-de-2025-nos-municipios","status":"publish","type":"post","link":"https:\/\/crarn.org.br\/?p=68280","title":{"rendered":"Encerrando o ciclo: Fiscaliza\u00e7\u00e3o do CRA-RN finaliza a\u00e7\u00f5es de 2025 nos munic\u00edpios"},"content":{"rendered":"\n<p>O setor de Fiscaliza\u00e7\u00e3o do Conselho Regional de Administra\u00e7\u00e3o do Rio Grande do Norte concluiu, em dezembro, as \u00faltimas a\u00e7\u00f5es de 2025, dedicadas \u00e0 orienta\u00e7\u00e3o, sensibiliza\u00e7\u00e3o e fiscaliza\u00e7\u00e3o das atividades da Administra\u00e7\u00e3o P\u00fablica junto \u00e0s prefeituras municipais do estado.<\/p>\n<p>Nos dias 02 e 03\/12, a equipe, formada pela coordenadora, Adm Tatiana Costa Pinto e pelo fiscal, Adm. F\u00e1bio Maia, esteve nas prefeituras de S\u00e3o Bento do Norte, Cai\u00e7ara do Norte, Pedra Grande e Parazinho \u00a0fortalecendo o di\u00e1logo institucional e levando informa\u00e7\u00f5es estrat\u00e9gicas sobre quadro de pessoal, supervis\u00e3o de estagi\u00e1rios, contratos vigentes e o \u00cdndice de Gest\u00e3o Municipal (IGM).<\/p>\n<p>Ao longo do ano de 2025, 21 munic\u00edpios do Rio Grande do Norte receberam a equipe do Conselho. Nas prefeituras, a equipe levou orienta\u00e7\u00f5es sobre: perfil e estrutura do quadro de pessoal; contratos administrativos; Supervis\u00e3o e acompanhamento de estagi\u00e1rios; apresenta\u00e7\u00e3o e orienta\u00e7\u00e3o sobre o \u00cdndice de Gest\u00e3o Municipal (IGM), desenvolvido pelo Conselho Federal de Administra\u00e7\u00e3o e atualiza\u00e7\u00f5es sobre as atividades profissionais e contratuais vinculadas \u00e0 Administra\u00e7\u00e3o.<\/p>\n<p><strong>Resultados expressivos da Fiscaliza\u00e7\u00e3o<\/strong><\/p>\n<p>O trabalho do setor de fiscaliza\u00e7\u00e3o, em 2025, refor\u00e7ou o papel do CRA-RN na regula\u00e7\u00e3o, defesa e fortalecimento da profiss\u00e3o e das atividades dentro do campo da Administra\u00e7\u00e3o. Entre os principais resultados alcan\u00e7ados, merecem destaque:<\/p>\n<ul>\n<li>857 CBOs fiscalizados e 311 regularizados;<\/li>\n<li>37 contratos fiscalizados.<\/li>\n<\/ul>\n<p>Do total de contratos fiscalizados, 12 empresas j\u00e1 estavam registradas, 15 foram liberados e 10 novos processos de fiscaliza\u00e7\u00e3o foram instaurados.<\/p>\n<p>Com essas a\u00e7\u00f5es o Conselho reafirma seu compromisso com a regularidade das atividades profissionais, a efici\u00eancia da gest\u00e3o p\u00fablica e o fortalecimento de v\u00ednculos com as prefeituras do estado, promovendo uma Administra\u00e7\u00e3o mais \u00e9tica, t\u00e9cnica e alinhada \u00e0s normas vigentes.<\/p>\n<p>\u00a0<\/p>\n<button class=\"simplefavorite-button\" data-postid=\"68280\" data-siteid=\"1\" data-groupid=\"1\" data-favoritecount=\"0\" style=\"\">Favorite <i class=\"sf-icon-star-empty\"><\/i><\/button>","protected":false},"excerpt":{"rendered":"<p>O setor de Fiscaliza\u00e7\u00e3o do Conselho Regional de Administra\u00e7\u00e3o do Rio Grande do Norte concluiu, em dezembro, as \u00faltimas a\u00e7\u00f5es de 2025, dedicadas \u00e0 orienta\u00e7\u00e3o, sensibiliza\u00e7\u00e3o e fiscaliza\u00e7\u00e3o das atividades da Administra\u00e7\u00e3o P\u00fablica junto \u00e0s prefeituras municipais do estado. Nos dias 02 e 03\/12, a equipe, formada pela coordenadora, Adm Tatiana Costa Pinto e pelo<a class=\"read-more\" href=\"https:\/\/crarn.org.br\/?p=68280\"> [&hellip;]<\/a><\/p>\n","protected":false},"author":26,"featured_media":68281,"comment_status":"closed","ping_status":"open","sticky":false,"template":"","format":"standard","meta":{"_price":"","_stock":"","_tribe_ticket_header":"","_tribe_default_ticket_provider":"","_tribe_ticket_capacity":"0","_ticket_start_date":"","_ticket_end_date":"","_tribe_ticket_show_description":"","_tribe_ticket_show_not_going":false,"_tribe_ticket_use_global_stock":"","_tribe_ticket_global_stock_level":"","_global_stock_mode":"","_global_stock_cap":"","_tribe_rsvp_for_event":"","_tribe_ticket_going_count":"","_tribe_ticket_not_going_count":"","_tribe_tickets_list":"[]","_tribe_ticket_has_attendee_info_fields":false,"footnotes":"","_links_to":"","_links_to_target":""},"categories":[585,310,320,309],"tags":[],"class_list":["post-68280","post","type-post","status-publish","format-standard","has-post-thumbnail","hentry","category-ano-2025","category-destaque-grande","category-home","category-ultimas-noticias","entry","has-media"],"_links":{"self":[{"href":"https:\/\/crarn.org.br\/index.php?rest_route=\/wp\/v2\/posts\/68280","targetHints":{"allow":["GET"]}}],"collection":[{"href":"https:\/\/crarn.org.br\/index.php?rest_route=\/wp\/v2\/posts"}],"about":[{"href":"https:\/\/crarn.org.br\/index.php?rest_route=\/wp\/v2\/types\/post"}],"author":[{"embeddable":true,"href":"https:\/\/crarn.org.br\/index.php?rest_route=\/wp\/v2\/users\/26"}],"replies":[{"embeddable":true,"href":"https:\/\/crarn.org.br\/index.php?rest_route=%2Fwp%2Fv2%2Fcomments&post=68280"}],"version-history":[{"count":1,"href":"https:\/\/crarn.org.br\/index.php?rest_route=\/wp\/v2\/posts\/68280\/revisions"}],"predecessor-version":[{"id":68282,"href":"https:\/\/crarn.org.br\/index.php?rest_route=\/wp\/v2\/posts\/68280\/revisions\/68282"}],"wp:featuredmedia":[{"embeddable":true,"href":"https:\/\/crarn.org.br\/index.php?rest_route=\/wp\/v2\/media\/68281"}],"wp:attachment":[{"href":"https:\/\/crarn.org.br\/index.php?rest_route=%2Fwp%2Fv2%2Fmedia&parent=68280"}],"wp:term":[{"taxonomy":"category","embeddable":true,"href":"https:\/\/crarn.org.br\/index.php?rest_route=%2Fwp%2Fv2%2Fcategories&post=68280"},{"taxonomy":"post_tag","embeddable":true,"href":"https:\/\/crarn.org.br\/index.php?rest_route=%2Fwp%2Fv2%2Ftags&post=68280"}],"curies":[{"name":"wp","href":"https:\/\/api.w.org\/{rel}","templated":true}]}}