{"id":68276,"date":"2025-12-03T15:15:54","date_gmt":"2025-12-03T18:15:54","guid":{"rendered":"https:\/\/crarn.org.br\/?p=68276"},"modified":"2025-12-03T15:15:55","modified_gmt":"2025-12-03T18:15:55","slug":"cra-rn-promove-curso-de-responsabilidade-tecnica-para-certificacao-profissional","status":"publish","type":"post","link":"https:\/\/crarn.org.br\/?p=68276","title":{"rendered":"CRA-RN promove Curso de Responsabilidade T\u00e9cnica para certifica\u00e7\u00e3o profissional"},"content":{"rendered":"\n<p>O CRA-RN realizar\u00e1, nos dias 09 e 10 de dezembro de 2025, mais uma edi\u00e7\u00e3o do Curso de Responsabilidade T\u00e9cnica (RT), conduzido pela coordenadora de Fiscaliza\u00e7\u00e3o, Adm. Tatiana Costa Pint.<\/p>\n<p>O curso tem como principal objetivo certificar administradores que ainda n\u00e3o possuem o Certificado de RT, documento indispens\u00e1vel para exercer a fun\u00e7\u00e3o em empresas registradas no Conselho.<\/p>\n<p>Ao assumir a responsabilidade t\u00e9cnica em uma organiza\u00e7\u00e3o, conforme Resolu\u00e7\u00e3o Normativa do CRA-RN, o administrador tem um prazo oficial para apresentar o certificado de participa\u00e7\u00e3o no curso, comprovando que possui os conhecimentos exigidos pela regulamenta\u00e7\u00e3o vigente, assegurando conformidade e boa pr\u00e1tica profissional.<\/p>\n<p>Por que participar?<\/p>\n<ul>\n<li>Obter o Certificado de Responsabilidade T\u00e9cnica;<\/li>\n<li>Atender aos requisitos regulat\u00f3rios para atua\u00e7\u00e3o como RT;<\/li>\n<li>Atualizar-se sobre normas, obriga\u00e7\u00f5es e boas pr\u00e1ticas profissionais;<\/li>\n<li>Capacita\u00e7\u00e3o 100% gratuita e exclusiva para administradores registrados no CRA-RN.<\/li>\n<\/ul>\n<p>\u00a0<\/p>\n<p>Inscri\u00e7\u00f5es abertas no link: <a href=\"https:\/\/x.gd\/lmz9K\">https:\/\/x.gd\/lmz9K<\/a><\/p>\n<p>Invista na sua atua\u00e7\u00e3o profissional com seguran\u00e7a e conhecimento.<\/p>\n<p>Participe e fortale\u00e7a a profiss\u00e3o!<\/p>\n<p><strong>Data:<\/strong> 09 e 10\/12\/2025<br \/><strong>Hora:<\/strong> 18h30 \u00e0s 21h30<br \/><strong>Local:<\/strong> \u00a0Tirol Way Office \u2013 Av. Sen. Salgado Filho 1718, Natal -Sala 02 &#8211; Tirol &#8211; Natal\/RN<\/p>\n<p><br \/><br \/><\/p>\n<p>\u00a0<\/p>\n<p>\u00a0<\/p>\n<button class=\"simplefavorite-button\" data-postid=\"68276\" data-siteid=\"1\" data-groupid=\"1\" data-favoritecount=\"0\" style=\"\">Favorite <i class=\"sf-icon-star-empty\"><\/i><\/button>","protected":false},"excerpt":{"rendered":"<p>O CRA-RN realizar\u00e1, nos dias 09 e 10 de dezembro de 2025, mais uma edi\u00e7\u00e3o do Curso de Responsabilidade T\u00e9cnica (RT), conduzido pela coordenadora de Fiscaliza\u00e7\u00e3o, Adm. Tatiana Costa Pint. O curso tem como principal objetivo certificar administradores que ainda n\u00e3o possuem o Certificado de RT, documento indispens\u00e1vel para exercer a fun\u00e7\u00e3o em empresas registradas<a class=\"read-more\" href=\"https:\/\/crarn.org.br\/?p=68276\"> [&hellip;]<\/a><\/p>\n","protected":false},"author":26,"featured_media":68277,"comment_status":"closed","ping_status":"open","sticky":false,"template":"","format":"standard","meta":{"_price":"","_stock":"","_tribe_ticket_header":"","_tribe_default_ticket_provider":"","_tribe_ticket_capacity":"0","_ticket_start_date":"","_ticket_end_date":"","_tribe_ticket_show_description":"","_tribe_ticket_show_not_going":false,"_tribe_ticket_use_global_stock":"","_tribe_ticket_global_stock_level":"","_global_stock_mode":"","_global_stock_cap":"","_tribe_rsvp_for_event":"","_tribe_ticket_going_count":"","_tribe_ticket_not_going_count":"","_tribe_tickets_list":"[]","_tribe_ticket_has_attendee_info_fields":false,"footnotes":"","_links_to":"","_links_to_target":""},"categories":[585,310,320,309],"tags":[],"class_list":["post-68276","post","type-post","status-publish","format-standard","has-post-thumbnail","hentry","category-ano-2025","category-destaque-grande","category-home","category-ultimas-noticias","entry","has-media"],"_links":{"self":[{"href":"https:\/\/crarn.org.br\/index.php?rest_route=\/wp\/v2\/posts\/68276","targetHints":{"allow":["GET"]}}],"collection":[{"href":"https:\/\/crarn.org.br\/index.php?rest_route=\/wp\/v2\/posts"}],"about":[{"href":"https:\/\/crarn.org.br\/index.php?rest_route=\/wp\/v2\/types\/post"}],"author":[{"embeddable":true,"href":"https:\/\/crarn.org.br\/index.php?rest_route=\/wp\/v2\/users\/26"}],"replies":[{"embeddable":true,"href":"https:\/\/crarn.org.br\/index.php?rest_route=%2Fwp%2Fv2%2Fcomments&post=68276"}],"version-history":[{"count":1,"href":"https:\/\/crarn.org.br\/index.php?rest_route=\/wp\/v2\/posts\/68276\/revisions"}],"predecessor-version":[{"id":68278,"href":"https:\/\/crarn.org.br\/index.php?rest_route=\/wp\/v2\/posts\/68276\/revisions\/68278"}],"wp:featuredmedia":[{"embeddable":true,"href":"https:\/\/crarn.org.br\/index.php?rest_route=\/wp\/v2\/media\/68277"}],"wp:attachment":[{"href":"https:\/\/crarn.org.br\/index.php?rest_route=%2Fwp%2Fv2%2Fmedia&parent=68276"}],"wp:term":[{"taxonomy":"category","embeddable":true,"href":"https:\/\/crarn.org.br\/index.php?rest_route=%2Fwp%2Fv2%2Fcategories&post=68276"},{"taxonomy":"post_tag","embeddable":true,"href":"https:\/\/crarn.org.br\/index.php?rest_route=%2Fwp%2Fv2%2Ftags&post=68276"}],"curies":[{"name":"wp","href":"https:\/\/api.w.org\/{rel}","templated":true}]}}