{"id":68274,"date":"2025-12-03T14:46:31","date_gmt":"2025-12-03T17:46:31","guid":{"rendered":"https:\/\/crarn.org.br\/?p=68274"},"modified":"2025-12-03T14:46:32","modified_gmt":"2025-12-03T17:46:32","slug":"governo-federal-mapeia-desafios-de-gestao-dos-pequenos-negocios-no-brasil","status":"publish","type":"post","link":"https:\/\/crarn.org.br\/?p=68274","title":{"rendered":"Governo federal mapeia desafios de gest\u00e3o dos pequenos neg\u00f3cios no Brasil"},"content":{"rendered":"\n<p>Os pequenos neg\u00f3cios s\u00e3o o motor da economia brasileira. Prova disso \u00e9 que quase 97% das empresas abertas no pa\u00eds entre janeiro e julho de 2025 foram microempreendedores individuais (MEI), microempresas (ME) e empresas de pequeno porte (EPP), conforme dados do Sebrae.<\/p>\n<p>No acumulado do semestre, o Brasil contabilizou 3,1 milh\u00f5es de novas empresas, sendo 18,7% microempresas e 4,1% empresas de pequeno porte. Apesar do protagonismo na gera\u00e7\u00e3o de renda e empregos, os pequenos neg\u00f3cios s\u00e3o os mais afetados diante de desafios econ\u00f4micos.<\/p>\n<p>Para mapear os principais desafios de gest\u00e3o enfrentados pelos empreendedores na condu\u00e7\u00e3o desses empreendimentos, o governo federal, por meio do Minist\u00e9rio do Empreendedorismo, da Microempresa e da Empresa de Pequeno Porte (MEMP), lan\u00e7ou uma pesquisa nacional.<\/p>\n<p>O levantamento \u00e9 resultado do Acordo de Coopera\u00e7\u00e3o T\u00e9cnica (ACT) firmado entre o \u00f3rg\u00e3o ministerial e o Conselho Federal de Administra\u00e7\u00e3o (CFA).<\/p>\n<blockquote>\n<p>\u201cA pesquisa busca identificar demandas de capacita\u00e7\u00e3o por parte das micro pequenas empresas no Brasil. Muitas vezes, essas atividades de capacita\u00e7\u00e3o e melhoria do modelo de gest\u00e3o t\u00eam importante contribui\u00e7\u00e3o do profissional de Administra\u00e7\u00e3o, dos profissionais registrados no nosso Sistema Conselho Federal da Administra\u00e7\u00e3o e Regionais de Administra\u00e7\u00e3o\u201d, explica o diretor da C\u00e2mara de Forma\u00e7\u00e3o e Educa\u00e7\u00e3o do CFA, Adm. J\u00falio Rezende.<\/p>\n<\/blockquote>\n<p>A partir dos dados coletados sobre as pr\u00e1ticas adotadas pelas micro e pequenas empresas brasileiras e os principais desafios de gest\u00e3o, o CFA atuar\u00e1 de forma estrat\u00e9gica na forma\u00e7\u00e3o e qualifica\u00e7\u00e3o de profissionais de Administra\u00e7\u00e3o que v\u00e3o atender as demandas espec\u00edficas das MPEs, ampliando o acesso a capacita\u00e7\u00f5es, mentorias e novas ferramentas de gest\u00e3o.<\/p>\n<p>J\u00e1 ao MEMP cabe a responsabilidade de garantir que os resultados\/respostas se traduzam em pol\u00edticas p\u00fablicas efetivas para fortalecer a competitividade e a sustentabilidade das microempresas e empresas de pequeno porte que geram boa parte dos empregos no Brasil, especialmente nas \u00e1reas de:<\/p>\n<p>Capacita\u00e7\u00e3o e qualifica\u00e7\u00e3o gerencial, com a\u00e7\u00f5es orientadas pelos dados regionais e setoriais apurados;<\/p>\n<p>Simplifica\u00e7\u00e3o regulat\u00f3ria e melhoria do ambiente de neg\u00f3cios, por meio do Comit\u00ea Tem\u00e1tico 1 do CGSIM, coordenado pelo DREI\/SANE, que trata da racionaliza\u00e7\u00e3o legal e burocr\u00e1tica;<\/p>\n<p>Acesso facilitado a cr\u00e9dito e financiamento produtivo, com \u00eanfase em solu\u00e7\u00f5es de microfinan\u00e7as e fomento local;<\/p>\n<p>Desenvolvimento de ferramentas digitais de apoio \u00e0 gest\u00e3o empresarial, integradas ao ecossistema do Governo Digital e da REDESIM.<\/p>\n<blockquote>\n<p>\u201cA pesquisa n\u00e3o \u00e9 apenas diagn\u00f3stica, mas sim um instrumento de formula\u00e7\u00e3o participativa de pol\u00edticas p\u00fablicas, garantindo que as respostas dos empreendedores se revertam em a\u00e7\u00f5es concretas, mensur\u00e1veis e territorialmente orientadas, em conson\u00e2ncia com o compromisso do Governo Federal de fortalecer o empreendedorismo e a sustentabilidade das micro e pequenas empresas brasileiras\u201d, refor\u00e7a o secret\u00e1rio nacional de Microempresa e Empresa de Pequeno Porte, Maur\u00edcio Juvenal.<\/p>\n<\/blockquote>\n<p>A pesquisa segue aberta e pode ser respondida pelo\u00a0<a href=\"https:\/\/forms.gle\/rUVUzDMbDscEiVb89\">link<\/a>.<\/p>\n<p>\u00a0<\/p>\n<p><br \/>Adriana Mesquita<\/p>\n<p><br \/>Assessoria de Comunica\u00e7\u00e3o CFA<\/p>\n<button class=\"simplefavorite-button\" data-postid=\"68274\" data-siteid=\"1\" data-groupid=\"1\" data-favoritecount=\"0\" style=\"\">Favorite <i class=\"sf-icon-star-empty\"><\/i><\/button>","protected":false},"excerpt":{"rendered":"<p>Os pequenos neg\u00f3cios s\u00e3o o motor da economia brasileira. Prova disso \u00e9 que quase 97% das empresas abertas no pa\u00eds entre janeiro e julho de 2025 foram microempreendedores individuais (MEI), microempresas (ME) e empresas de pequeno porte (EPP), conforme dados do Sebrae. No acumulado do semestre, o Brasil contabilizou 3,1 milh\u00f5es de novas empresas, sendo<a class=\"read-more\" href=\"https:\/\/crarn.org.br\/?p=68274\"> [&hellip;]<\/a><\/p>\n","protected":false},"author":26,"featured_media":68272,"comment_status":"closed","ping_status":"open","sticky":false,"template":"","format":"standard","meta":{"_price":"","_stock":"","_tribe_ticket_header":"","_tribe_default_ticket_provider":"","_tribe_ticket_capacity":"0","_ticket_start_date":"","_ticket_end_date":"","_tribe_ticket_show_description":"","_tribe_ticket_show_not_going":false,"_tribe_ticket_use_global_stock":"","_tribe_ticket_global_stock_level":"","_global_stock_mode":"","_global_stock_cap":"","_tribe_rsvp_for_event":"","_tribe_ticket_going_count":"","_tribe_ticket_not_going_count":"","_tribe_tickets_list":"[]","_tribe_ticket_has_attendee_info_fields":false,"footnotes":"","_links_to":"","_links_to_target":""},"categories":[585,312,320,399,309],"tags":[],"class_list":["post-68274","post","type-post","status-publish","format-standard","has-post-thumbnail","hentry","category-ano-2025","category-destaque-pequeno-inferior","category-home","category-institucional","category-ultimas-noticias","entry","has-media"],"_links":{"self":[{"href":"https:\/\/crarn.org.br\/index.php?rest_route=\/wp\/v2\/posts\/68274","targetHints":{"allow":["GET"]}}],"collection":[{"href":"https:\/\/crarn.org.br\/index.php?rest_route=\/wp\/v2\/posts"}],"about":[{"href":"https:\/\/crarn.org.br\/index.php?rest_route=\/wp\/v2\/types\/post"}],"author":[{"embeddable":true,"href":"https:\/\/crarn.org.br\/index.php?rest_route=\/wp\/v2\/users\/26"}],"replies":[{"embeddable":true,"href":"https:\/\/crarn.org.br\/index.php?rest_route=%2Fwp%2Fv2%2Fcomments&post=68274"}],"version-history":[{"count":1,"href":"https:\/\/crarn.org.br\/index.php?rest_route=\/wp\/v2\/posts\/68274\/revisions"}],"predecessor-version":[{"id":68275,"href":"https:\/\/crarn.org.br\/index.php?rest_route=\/wp\/v2\/posts\/68274\/revisions\/68275"}],"wp:featuredmedia":[{"embeddable":true,"href":"https:\/\/crarn.org.br\/index.php?rest_route=\/wp\/v2\/media\/68272"}],"wp:attachment":[{"href":"https:\/\/crarn.org.br\/index.php?rest_route=%2Fwp%2Fv2%2Fmedia&parent=68274"}],"wp:term":[{"taxonomy":"category","embeddable":true,"href":"https:\/\/crarn.org.br\/index.php?rest_route=%2Fwp%2Fv2%2Fcategories&post=68274"},{"taxonomy":"post_tag","embeddable":true,"href":"https:\/\/crarn.org.br\/index.php?rest_route=%2Fwp%2Fv2%2Ftags&post=68274"}],"curies":[{"name":"wp","href":"https:\/\/api.w.org\/{rel}","templated":true}]}}