{"id":68264,"date":"2025-11-27T17:20:19","date_gmt":"2025-11-27T20:20:19","guid":{"rendered":"https:\/\/crarn.org.br\/?p=68264"},"modified":"2025-11-27T17:20:20","modified_gmt":"2025-11-27T20:20:20","slug":"comitiva-do-cra-rn-reforca-atuacao-institucional-no-xix-forum-internacional-de-administracao-2025","status":"publish","type":"post","link":"https:\/\/crarn.org.br\/?p=68264","title":{"rendered":"Comitiva do CRA-RN refor\u00e7a atua\u00e7\u00e3o institucional no XIX F\u00f3rum Internacional de Administra\u00e7\u00e3o 2025"},"content":{"rendered":"\n<p>Uma comitiva de representantes \u00a0do Conselho Regional de Administra\u00e7\u00e3o do Rio Grande do Norte est\u00e1 em Bras\u00edlia, participando do XIX F\u00f3rum Internacional de Administra\u00e7\u00e3o 2025, evento que re\u00fane lideran\u00e7as do Sistema CFA\/CRAs, especialistas, autoridades e profissionais do Brasil e do exterior, promovendo debates estrat\u00e9gicos sobre desafios contempor\u00e2neos da Administra\u00e7\u00e3o, inova\u00e7\u00e3o, governan\u00e7a, gest\u00e3o p\u00fablica e a evolu\u00e7\u00e3o do ensino e da profiss\u00e3o no pa\u00eds.<\/p>\n<p>Representando institucionalmente o estado, integram a comitiva o presidente Adm. Fl\u00e1vio Em\u00edlio Cavalcanti e o vice-presidente Adm. Cl\u00e1udio Menezes, acompanhados pelas diretoras das \u00e1reas de Fiscaliza\u00e7\u00e3o e Registro, Adm.Kate Maciel, e a diretora Administrativa Financeira, Adm. C\u00e9lia Ribeiro. A delega\u00e7\u00e3o conta ainda com a diretora de Forma\u00e7\u00e3o Profissional, Adm. Alice Dantas, e o diretor de Projetos, Adm. Leonardo Lima.<\/p>\n<p>Tamb\u00e9m acompanham a agenda institucional conselheiros regionais como Adm. Sandro Pacheco, Adm. Maria das Neves Maia, Adm. L\u00edgia Rebou\u00e7as e Adm. Simone Rom\u00e3o. Participam, tamb\u00e9m, a conselheira federal suplente do RN, Adm. Val\u00e9ria Araujo, e a ex-conselheira federal e ex-presidente do CRA-RN, Adm. Ione Salem.<\/p>\n<p>O time t\u00e9cnico do Conselho tamb\u00e9m est\u00e1 presente, composto pela gerente executiva, Adm. Silvana Avelar; a coordenadora de Fiscaliza\u00e7\u00e3o, Adm. Tatiana Costa Pinto, e a agente de contrata\u00e7\u00e3o do Conselho, Adm. Lidiane Pessoa.<\/p>\n<p>Estar na capital federal com uma delega\u00e7\u00e3o expressiva demonstra o compromisso do Conselho com a defesa da profiss\u00e3o, a qualifica\u00e7\u00e3o do ensino superior em Administra\u00e7\u00e3o, o fortalecimento da governan\u00e7a institucional e a gera\u00e7\u00e3o de valor para a sociedade e para os profissionais registrados no estado.<\/p>\n<p>\u00a0<\/p>\n<p>\u00a0<\/p>\n<button class=\"simplefavorite-button\" data-postid=\"68264\" data-siteid=\"1\" data-groupid=\"1\" data-favoritecount=\"0\" style=\"\">Favorite <i class=\"sf-icon-star-empty\"><\/i><\/button>","protected":false},"excerpt":{"rendered":"<p>Uma comitiva de representantes \u00a0do Conselho Regional de Administra\u00e7\u00e3o do Rio Grande do Norte est\u00e1 em Bras\u00edlia, participando do XIX F\u00f3rum Internacional de Administra\u00e7\u00e3o 2025, evento que re\u00fane lideran\u00e7as do Sistema CFA\/CRAs, especialistas, autoridades e profissionais do Brasil e do exterior, promovendo debates estrat\u00e9gicos sobre desafios contempor\u00e2neos da Administra\u00e7\u00e3o, inova\u00e7\u00e3o, governan\u00e7a, gest\u00e3o p\u00fablica e a<a class=\"read-more\" href=\"https:\/\/crarn.org.br\/?p=68264\"> [&hellip;]<\/a><\/p>\n","protected":false},"author":26,"featured_media":68265,"comment_status":"closed","ping_status":"open","sticky":false,"template":"","format":"standard","meta":{"_price":"","_stock":"","_tribe_ticket_header":"","_tribe_default_ticket_provider":"","_tribe_ticket_capacity":"0","_ticket_start_date":"","_ticket_end_date":"","_tribe_ticket_show_description":"","_tribe_ticket_show_not_going":false,"_tribe_ticket_use_global_stock":"","_tribe_ticket_global_stock_level":"","_global_stock_mode":"","_global_stock_cap":"","_tribe_rsvp_for_event":"","_tribe_ticket_going_count":"","_tribe_ticket_not_going_count":"","_tribe_tickets_list":"[]","_tribe_ticket_has_attendee_info_fields":false,"footnotes":"","_links_to":"","_links_to_target":""},"categories":[1],"tags":[],"class_list":["post-68264","post","type-post","status-publish","format-standard","has-post-thumbnail","hentry","category-sem-categoria","entry","has-media"],"_links":{"self":[{"href":"https:\/\/crarn.org.br\/index.php?rest_route=\/wp\/v2\/posts\/68264","targetHints":{"allow":["GET"]}}],"collection":[{"href":"https:\/\/crarn.org.br\/index.php?rest_route=\/wp\/v2\/posts"}],"about":[{"href":"https:\/\/crarn.org.br\/index.php?rest_route=\/wp\/v2\/types\/post"}],"author":[{"embeddable":true,"href":"https:\/\/crarn.org.br\/index.php?rest_route=\/wp\/v2\/users\/26"}],"replies":[{"embeddable":true,"href":"https:\/\/crarn.org.br\/index.php?rest_route=%2Fwp%2Fv2%2Fcomments&post=68264"}],"version-history":[{"count":1,"href":"https:\/\/crarn.org.br\/index.php?rest_route=\/wp\/v2\/posts\/68264\/revisions"}],"predecessor-version":[{"id":68266,"href":"https:\/\/crarn.org.br\/index.php?rest_route=\/wp\/v2\/posts\/68264\/revisions\/68266"}],"wp:featuredmedia":[{"embeddable":true,"href":"https:\/\/crarn.org.br\/index.php?rest_route=\/wp\/v2\/media\/68265"}],"wp:attachment":[{"href":"https:\/\/crarn.org.br\/index.php?rest_route=%2Fwp%2Fv2%2Fmedia&parent=68264"}],"wp:term":[{"taxonomy":"category","embeddable":true,"href":"https:\/\/crarn.org.br\/index.php?rest_route=%2Fwp%2Fv2%2Fcategories&post=68264"},{"taxonomy":"post_tag","embeddable":true,"href":"https:\/\/crarn.org.br\/index.php?rest_route=%2Fwp%2Fv2%2Ftags&post=68264"}],"curies":[{"name":"wp","href":"https:\/\/api.w.org\/{rel}","templated":true}]}}