{"id":68205,"date":"2025-10-22T16:28:13","date_gmt":"2025-10-22T19:28:13","guid":{"rendered":"https:\/\/crarn.org.br\/?p=68205"},"modified":"2025-10-22T16:30:47","modified_gmt":"2025-10-22T19:30:47","slug":"presidente-do-cra-rn-participa-do-forum-de-presidentes-e-de-eventos-da-area-de-administracao-em-joao-pessoa","status":"publish","type":"post","link":"https:\/\/crarn.org.br\/?p=68205","title":{"rendered":"Presidente do CRA-RN participa do F\u00f3rum de Presidentes e de eventos da \u00e1rea de Administra\u00e7\u00e3o em Jo\u00e3o Pessoa"},"content":{"rendered":"\n<p>O presidente do Conselho Regional de Administra\u00e7\u00e3o do Rio Grande do Norte (CRA-RN), Adm. Fl\u00e1vio Em\u00edlio Cavalcanti, cumpre agenda em Jo\u00e3o Pessoa (PB), onde participa, nos dias 22 e 23 de outubro, do F\u00f3rum de Presidentes do Sistema CFA\/CRAs, al\u00e9m de integrar a programa\u00e7\u00e3o de importantes eventos voltados \u00e0 \u00e1rea da Administra\u00e7\u00e3o.<\/p>\n<p>O F\u00f3rum de Presidentes, que re\u00fane os dirigentes dos Conselhos Regionais de todo o pa\u00eds, \u00e9 um espa\u00e7o estrat\u00e9gico para debates e delibera\u00e7\u00f5es sobre temas institucionais e avan\u00e7os do Sistema CFA\/CRAs. A pauta desta edi\u00e7\u00e3o inclui a apresenta\u00e7\u00e3o dos projetos do PRODER 2025, atualiza\u00e7\u00f5es sobre o Jubileu de Diamante da Administra\u00e7\u00e3o, a cria\u00e7\u00e3o de um link espec\u00edfico no Cadastro Nacional para registro de estudantes e a moderniza\u00e7\u00e3o do layout da Carteira de Identidade Profissional. Tamb\u00e9m ser\u00e3o discutidos o relat\u00f3rio do XXIX Encontro Brasileiro de Administra\u00e7\u00e3o, a atua\u00e7\u00e3o de mestres e doutores no Sistema, um caso de recupera\u00e7\u00e3o de d\u00e9bitos e o relat\u00f3rio final do Grupo de Trabalho de Avalia\u00e7\u00e3o das Elei\u00e7\u00f5es do Sistema CFA\/CRAs.<\/p>\n<p>Paralelamente ao F\u00f3rum, entre os dias 22 e 24 de outubro, acontecem em Jo\u00e3o Pessoa o Encontro Regional dos Profissionais de Administra\u00e7\u00e3o (ERPA Nordeste) e o IX F\u00f3rum de Gest\u00e3o P\u00fablica da Para\u00edba (FOGESP).<\/p>\n<p>O ERPA Nordeste promove reflex\u00f5es sobre o papel da Administra\u00e7\u00e3o no desenvolvimento regional, destacando oportunidades e tend\u00eancias para o mercado de trabalho. J\u00e1 o FOGESP re\u00fane gestores e administradores em um espa\u00e7o voltado para debates e troca de experi\u00eancias, incluindo a premia\u00e7\u00e3o das melhores gest\u00f5es municipais com base no \u00cdndice de Governan\u00e7a Municipal (IGM-CFA).<\/p>\n<p>Encerrando sua participa\u00e7\u00e3o na programa\u00e7\u00e3o, o presidente Fl\u00e1vio Em\u00edlio Cavalcanti ser\u00e1 um dos palestrantes do ERPA Nordeste, no dia 24 de outubro, no painel \u201cEstrat\u00e9gia Blindada: Mentalidade Empreendedora com Seguran\u00e7a Empresarial\u201d, contribuindo com sua experi\u00eancia e vis\u00e3o sobre os desafios e oportunidades para o fortalecimento da Administra\u00e7\u00e3o no pa\u00eds.<\/p>\n<button class=\"simplefavorite-button\" data-postid=\"68205\" data-siteid=\"1\" data-groupid=\"1\" data-favoritecount=\"0\" style=\"\">Favorite <i class=\"sf-icon-star-empty\"><\/i><\/button>","protected":false},"excerpt":{"rendered":"<p>O presidente do Conselho Regional de Administra\u00e7\u00e3o do Rio Grande do Norte (CRA-RN), Adm. Fl\u00e1vio Em\u00edlio Cavalcanti, cumpre agenda em Jo\u00e3o Pessoa (PB), onde participa, nos dias 22 e 23 de outubro, do F\u00f3rum de Presidentes do Sistema CFA\/CRAs, al\u00e9m de integrar a programa\u00e7\u00e3o de importantes eventos voltados \u00e0 \u00e1rea da Administra\u00e7\u00e3o. O F\u00f3rum de<a class=\"read-more\" href=\"https:\/\/crarn.org.br\/?p=68205\"> [&hellip;]<\/a><\/p>\n","protected":false},"author":26,"featured_media":68208,"comment_status":"closed","ping_status":"open","sticky":false,"template":"","format":"standard","meta":{"_price":"","_stock":"","_tribe_ticket_header":"","_tribe_default_ticket_provider":"","_tribe_ticket_capacity":"0","_ticket_start_date":"","_ticket_end_date":"","_tribe_ticket_show_description":"","_tribe_ticket_show_not_going":false,"_tribe_ticket_use_global_stock":"","_tribe_ticket_global_stock_level":"","_global_stock_mode":"","_global_stock_cap":"","_tribe_rsvp_for_event":"","_tribe_ticket_going_count":"","_tribe_ticket_not_going_count":"","_tribe_tickets_list":"[]","_tribe_ticket_has_attendee_info_fields":false,"footnotes":"","_links_to":"","_links_to_target":""},"categories":[585,310,320,399,309],"tags":[],"class_list":["post-68205","post","type-post","status-publish","format-standard","has-post-thumbnail","hentry","category-ano-2025","category-destaque-grande","category-home","category-institucional","category-ultimas-noticias","entry","has-media"],"_links":{"self":[{"href":"https:\/\/crarn.org.br\/index.php?rest_route=\/wp\/v2\/posts\/68205","targetHints":{"allow":["GET"]}}],"collection":[{"href":"https:\/\/crarn.org.br\/index.php?rest_route=\/wp\/v2\/posts"}],"about":[{"href":"https:\/\/crarn.org.br\/index.php?rest_route=\/wp\/v2\/types\/post"}],"author":[{"embeddable":true,"href":"https:\/\/crarn.org.br\/index.php?rest_route=\/wp\/v2\/users\/26"}],"replies":[{"embeddable":true,"href":"https:\/\/crarn.org.br\/index.php?rest_route=%2Fwp%2Fv2%2Fcomments&post=68205"}],"version-history":[{"count":1,"href":"https:\/\/crarn.org.br\/index.php?rest_route=\/wp\/v2\/posts\/68205\/revisions"}],"predecessor-version":[{"id":68207,"href":"https:\/\/crarn.org.br\/index.php?rest_route=\/wp\/v2\/posts\/68205\/revisions\/68207"}],"wp:featuredmedia":[{"embeddable":true,"href":"https:\/\/crarn.org.br\/index.php?rest_route=\/wp\/v2\/media\/68208"}],"wp:attachment":[{"href":"https:\/\/crarn.org.br\/index.php?rest_route=%2Fwp%2Fv2%2Fmedia&parent=68205"}],"wp:term":[{"taxonomy":"category","embeddable":true,"href":"https:\/\/crarn.org.br\/index.php?rest_route=%2Fwp%2Fv2%2Fcategories&post=68205"},{"taxonomy":"post_tag","embeddable":true,"href":"https:\/\/crarn.org.br\/index.php?rest_route=%2Fwp%2Fv2%2Ftags&post=68205"}],"curies":[{"name":"wp","href":"https:\/\/api.w.org\/{rel}","templated":true}]}}