{"id":68202,"date":"2025-10-22T17:23:59","date_gmt":"2025-10-22T20:23:59","guid":{"rendered":"https:\/\/crarn.org.br\/?p=68202"},"modified":"2025-10-22T17:24:00","modified_gmt":"2025-10-22T20:24:00","slug":"cra-rn-realiza-workshop-em-gestao-publica-com-foco-no-fortalecimento-da-administracao-no-setor-publico","status":"publish","type":"post","link":"https:\/\/crarn.org.br\/?p=68202","title":{"rendered":"CRA-RN realiza Workshop em Gest\u00e3o P\u00fablica com foco no fortalecimento da Administra\u00e7\u00e3o no setor p\u00fablico"},"content":{"rendered":"\n<p>Nos dias 05 e 06 de novembro, o Conselho Regional de Administra\u00e7\u00e3o do Rio Grande do Norte (CRA-RN) realiza o Workshop em Gest\u00e3o P\u00fablica \u2013 \u00cdndice de Governan\u00e7a Municipal (IGM-CFA), uma iniciativa do Sistema CFA\/CRAs. O evento marca o encerramento das comemora\u00e7\u00f5es pelos 60 anos da Administra\u00e7\u00e3o no Brasil e promete reunir profissionais, estudantes e gestores p\u00fablicos em torno do fortalecimento da boa governan\u00e7a.<\/p>\n<p>Com programa\u00e7\u00e3o dividida em duas etapas, o workshop ser\u00e1 realizado no Praiamar Natal Hotel &amp; Convention, em Natal\/RN.<\/p>\n<p>No dia 05, a programa\u00e7\u00e3o \u00e9 voltada \u00e0 capacita\u00e7\u00e3o de profissionais de Administra\u00e7\u00e3o, estudantes do \u00faltimo semestre, servidores, conselheiros do CRA-RN e t\u00e9cnicos de institui\u00e7\u00f5es parceiras, com foco na aplica\u00e7\u00e3o pr\u00e1tica do IGM-CFA \u2014 ferramenta baseada em dados oficiais que auxilia gestores a promover diagn\u00f3sticos precisos, planejamento estrat\u00e9gico e pol\u00edticas p\u00fablicas mais eficientes.<\/p>\n<p>J\u00e1 o dia 06 ser\u00e1 dedicado \u00e0 articula\u00e7\u00e3o pol\u00edtica e institucional, integrando \u00f3rg\u00e3os p\u00fablicos, \u00f3rg\u00e3os de controle, parlamentares e lideran\u00e7as pol\u00edticas. O objetivo \u00e9 apresentar aos profissionais formados em IGM-CFA e \u00e0s autoridades presentes, as principais entregas do Sistema CFA\/CRAs, como o Diagn\u00f3stico Brasil, a Cartilha de Planejamento Estrat\u00e9gico Municipal, o Pr\u00eamio Guerreiro Ramos, a Agenda da Gest\u00e3o P\u00fablica Municipal, a Rede de Parcerias e o pr\u00f3prio IGM-CFA.<\/p>\n<p>O workshop refor\u00e7a o compromisso do CRA-RN em contribuir com o desenvolvimento da gest\u00e3o p\u00fablica no estado, promovendo um ambiente de capacita\u00e7\u00e3o, troca de experi\u00eancias e integra\u00e7\u00e3o entre os diversos atores da Administra\u00e7\u00e3o.<\/p>\n<p>\u00a0<\/p>\n<p>\ud83d\udcc5 05 de novembro de 2025 \u2013 8h \u00e0s 12h e 13h30 \u00e0s 18h<\/p>\n<p>\ud83d\udcc5 06 de novembro de 2025 \u2013 9h \u00e0s 12h<\/p>\n<p>\ud83d\udccd Praiamar Natal Hotel &amp; Convention \u2013 Rua Francisco Gurgel, 33, Ponta Negra, Natal\/RN<\/p>\n<p>\ud83d\udd17 Inscri\u00e7\u00f5es: <a href=\"https:\/\/forms.gle\/PMinUFNHbn8DywYGA\">https:\/\/forms.gle\/PMinUFNHbn8DywYGA<\/a><\/p>\n<p>\u00a0<\/p>\n<p><strong>\ud83d\udcc5<\/strong><strong> Programa\u00e7\u00e3o \u2013 05 de novembro de 2025<\/strong><br \/><strong>Hor\u00e1rio:<\/strong> 8h \u00e0s 12h e 13h30 \u00e0s 18h<\/p>\n<p>\u00a0<\/p>\n<p>8h30 \u2013 Abertura oficial do Workshop de Gest\u00e3o P\u00fablica;<\/p>\n<p>9h00 \u2013 Apresenta\u00e7\u00e3o do Sistema CFA\/CRA\u00b4s;<\/p>\n<p>9h20 \u2013 Apresenta\u00e7\u00e3o do IGM\/CFA;<\/p>\n<p>10h00 \u2013 Coffee Break<\/p>\n<p>10h20 \u2013 Introdu\u00e7\u00e3o \u00e0 Consultoria Municipal;<\/p>\n<p>11h00 \u2013 Case \u201cImport\u00e2ncia da Consultoria Municipal: Piloto em Mato Grosso\u201d;<\/p>\n<p>12h-13h30 \u2013Hor\u00e1rio livre para almo\u00e7o;<\/p>\n<p>13h30 \u2013 Acesso Exclusivo IGM;<\/p>\n<p>13h45 \u2013 Agenda de Gest\u00e3o Municipal;<\/p>\n<p>14h \u2013 Oficina IGM\/CFA;<\/p>\n<p>18h00\u00a0\u2013\u00a0Encerramento.<\/p>\n<p>\u00a0<\/p>\n<p><strong>\ud83d\udcc5<\/strong><strong> Programa\u00e7\u00e3o \u2013 06 de novembro de 2025<\/strong><br \/><strong>Hor\u00e1rio:<\/strong> 9h \u00e0s 12h<br \/><br \/><\/p>\n<p><strong>Tema:<\/strong><br \/>Articula\u00e7\u00e3o Pol\u00edtica e Institucional para o Fortalecimento da Gest\u00e3o P\u00fablica<\/p>\n<p>9h &#8211; Abertura Institucional<\/p>\n<p>9h30\u00a0 &#8211; Apresenta\u00e7\u00e3o das Entregas do Sistema CFA\/CRAs:<\/p>\n<ul>\n<li style=\"list-style-type: none;\">\n<ul>\n<li>Diagn\u00f3stico Brasil<\/li>\n<li>Cartilha de Planejamento Estrat\u00e9gico Municipal<\/li>\n<li>Pr\u00eamio Guerreiro Ramos<\/li>\n<li>Agenda da Gest\u00e3o P\u00fablica Municipal<\/li>\n<li>Rede de Parcerias<\/li>\n<li>IGM-CFA \u2013 \u00cdndice de Governan\u00e7a Municipal<\/li>\n<\/ul>\n<\/li>\n<\/ul>\n<p>11h &#8211; Encerramento e di\u00e1logo institucional<\/p>\n<button class=\"simplefavorite-button\" data-postid=\"68202\" data-siteid=\"1\" data-groupid=\"1\" data-favoritecount=\"0\" style=\"\">Favorite <i class=\"sf-icon-star-empty\"><\/i><\/button>","protected":false},"excerpt":{"rendered":"<p>Nos dias 05 e 06 de novembro, o Conselho Regional de Administra\u00e7\u00e3o do Rio Grande do Norte (CRA-RN) realiza o Workshop em Gest\u00e3o P\u00fablica \u2013 \u00cdndice de Governan\u00e7a Municipal (IGM-CFA), uma iniciativa do Sistema CFA\/CRAs. O evento marca o encerramento das comemora\u00e7\u00f5es pelos 60 anos da Administra\u00e7\u00e3o no Brasil e promete reunir profissionais, estudantes e<a class=\"read-more\" href=\"https:\/\/crarn.org.br\/?p=68202\"> [&hellip;]<\/a><\/p>\n","protected":false},"author":26,"featured_media":68209,"comment_status":"closed","ping_status":"open","sticky":false,"template":"","format":"standard","meta":{"_price":"","_stock":"","_tribe_ticket_header":"","_tribe_default_ticket_provider":"","_tribe_ticket_capacity":"0","_ticket_start_date":"","_ticket_end_date":"","_tribe_ticket_show_description":"","_tribe_ticket_show_not_going":false,"_tribe_ticket_use_global_stock":"","_tribe_ticket_global_stock_level":"","_global_stock_mode":"","_global_stock_cap":"","_tribe_rsvp_for_event":"","_tribe_ticket_going_count":"","_tribe_ticket_not_going_count":"","_tribe_tickets_list":"[]","_tribe_ticket_has_attendee_info_fields":false,"footnotes":"","_links_to":"","_links_to_target":""},"categories":[585,310,320,399],"tags":[],"class_list":["post-68202","post","type-post","status-publish","format-standard","has-post-thumbnail","hentry","category-ano-2025","category-destaque-grande","category-home","category-institucional","entry","has-media"],"_links":{"self":[{"href":"https:\/\/crarn.org.br\/index.php?rest_route=\/wp\/v2\/posts\/68202","targetHints":{"allow":["GET"]}}],"collection":[{"href":"https:\/\/crarn.org.br\/index.php?rest_route=\/wp\/v2\/posts"}],"about":[{"href":"https:\/\/crarn.org.br\/index.php?rest_route=\/wp\/v2\/types\/post"}],"author":[{"embeddable":true,"href":"https:\/\/crarn.org.br\/index.php?rest_route=\/wp\/v2\/users\/26"}],"replies":[{"embeddable":true,"href":"https:\/\/crarn.org.br\/index.php?rest_route=%2Fwp%2Fv2%2Fcomments&post=68202"}],"version-history":[{"count":1,"href":"https:\/\/crarn.org.br\/index.php?rest_route=\/wp\/v2\/posts\/68202\/revisions"}],"predecessor-version":[{"id":68204,"href":"https:\/\/crarn.org.br\/index.php?rest_route=\/wp\/v2\/posts\/68202\/revisions\/68204"}],"wp:featuredmedia":[{"embeddable":true,"href":"https:\/\/crarn.org.br\/index.php?rest_route=\/wp\/v2\/media\/68209"}],"wp:attachment":[{"href":"https:\/\/crarn.org.br\/index.php?rest_route=%2Fwp%2Fv2%2Fmedia&parent=68202"}],"wp:term":[{"taxonomy":"category","embeddable":true,"href":"https:\/\/crarn.org.br\/index.php?rest_route=%2Fwp%2Fv2%2Fcategories&post=68202"},{"taxonomy":"post_tag","embeddable":true,"href":"https:\/\/crarn.org.br\/index.php?rest_route=%2Fwp%2Fv2%2Ftags&post=68202"}],"curies":[{"name":"wp","href":"https:\/\/api.w.org\/{rel}","templated":true}]}}