{"id":68197,"date":"2025-10-21T16:12:16","date_gmt":"2025-10-21T19:12:16","guid":{"rendered":"https:\/\/crarn.org.br\/?p=68197"},"modified":"2025-10-22T16:23:07","modified_gmt":"2025-10-22T19:23:07","slug":"cra-rn-fortalece-dialogo-com-o-tribunal-de-contas-do-estado-para-evento-de-gestao-publica","status":"publish","type":"post","link":"https:\/\/crarn.org.br\/?p=68197","title":{"rendered":"CRA-RN fortalece di\u00e1logo com o Tribunal de Contas do Estado para evento de Gest\u00e3o p\u00fablica"},"content":{"rendered":"\n<p>O presidente do Conselho Regional de Administra\u00e7\u00e3o do Rio Grande do Norte (CRA-RN), Adm. Fl\u00e1vio Em\u00edlio Cavalcanti, acompanhado da ex-presidente e ex-conselheira federal pelo RN, Adm. Ione Salem, esteve nesta ter\u00e7a-feira (21) no Tribunal de Contas do Estado (TCE-RN), onde participou de reuni\u00e3o com o presidente da Corte, conselheiro Carlos Thompson Costa Fernandes, e com o diretor da Escola de Contas, conselheiro George Soares.<\/p>\n<p>O encontro teve como objetivo fortalecer o di\u00e1logo institucional e promover a articula\u00e7\u00e3o entre o CRA-RN e o TCE, reconhecido como um \u00f3rg\u00e3o de grande relev\u00e2ncia para a boa gest\u00e3o p\u00fablica. Na oportunidade, tamb\u00e9m foi apresentado o <em>Workshop de Gest\u00e3o P\u00fablica<\/em>, que ser\u00e1 realizado pelo CRA-RN em novembro, em Natal, com o apoio do Conselho Federal de Administra\u00e7\u00e3o (CFA).<\/p>\n<p>O presidente Fl\u00e1vio Em\u00edlio destacou a import\u00e2ncia da parceria com o Tribunal de Contas, ressaltando que o apoio do TCE-RN \u00e9 fundamental n\u00e3o apenas para a realiza\u00e7\u00e3o do workshop, mas tamb\u00e9m para o fortalecimento de futuras a\u00e7\u00f5es voltadas ao aprimoramento da Administra\u00e7\u00e3o p\u00fablica no estado.<\/p>\n<button class=\"simplefavorite-button\" data-postid=\"68197\" data-siteid=\"1\" data-groupid=\"1\" data-favoritecount=\"0\" style=\"\">Favorite <i class=\"sf-icon-star-empty\"><\/i><\/button>","protected":false},"excerpt":{"rendered":"<p>O presidente do Conselho Regional de Administra\u00e7\u00e3o do Rio Grande do Norte (CRA-RN), Adm. Fl\u00e1vio Em\u00edlio Cavalcanti, acompanhado da ex-presidente e ex-conselheira federal pelo RN, Adm. Ione Salem, esteve nesta ter\u00e7a-feira (21) no Tribunal de Contas do Estado (TCE-RN), onde participou de reuni\u00e3o com o presidente da Corte, conselheiro Carlos Thompson Costa Fernandes, e com<a class=\"read-more\" href=\"https:\/\/crarn.org.br\/?p=68197\"> [&hellip;]<\/a><\/p>\n","protected":false},"author":26,"featured_media":68200,"comment_status":"closed","ping_status":"open","sticky":false,"template":"","format":"standard","meta":{"_price":"","_stock":"","_tribe_ticket_header":"","_tribe_default_ticket_provider":"","_tribe_ticket_capacity":"0","_ticket_start_date":"","_ticket_end_date":"","_tribe_ticket_show_description":"","_tribe_ticket_show_not_going":false,"_tribe_ticket_use_global_stock":"","_tribe_ticket_global_stock_level":"","_global_stock_mode":"","_global_stock_cap":"","_tribe_rsvp_for_event":"","_tribe_ticket_going_count":"","_tribe_ticket_not_going_count":"","_tribe_tickets_list":"[]","_tribe_ticket_has_attendee_info_fields":false,"footnotes":"","_links_to":"","_links_to_target":""},"categories":[585,312,320,399,309],"tags":[],"class_list":["post-68197","post","type-post","status-publish","format-standard","has-post-thumbnail","hentry","category-ano-2025","category-destaque-pequeno-inferior","category-home","category-institucional","category-ultimas-noticias","entry","has-media"],"_links":{"self":[{"href":"https:\/\/crarn.org.br\/index.php?rest_route=\/wp\/v2\/posts\/68197","targetHints":{"allow":["GET"]}}],"collection":[{"href":"https:\/\/crarn.org.br\/index.php?rest_route=\/wp\/v2\/posts"}],"about":[{"href":"https:\/\/crarn.org.br\/index.php?rest_route=\/wp\/v2\/types\/post"}],"author":[{"embeddable":true,"href":"https:\/\/crarn.org.br\/index.php?rest_route=\/wp\/v2\/users\/26"}],"replies":[{"embeddable":true,"href":"https:\/\/crarn.org.br\/index.php?rest_route=%2Fwp%2Fv2%2Fcomments&post=68197"}],"version-history":[{"count":1,"href":"https:\/\/crarn.org.br\/index.php?rest_route=\/wp\/v2\/posts\/68197\/revisions"}],"predecessor-version":[{"id":68199,"href":"https:\/\/crarn.org.br\/index.php?rest_route=\/wp\/v2\/posts\/68197\/revisions\/68199"}],"wp:featuredmedia":[{"embeddable":true,"href":"https:\/\/crarn.org.br\/index.php?rest_route=\/wp\/v2\/media\/68200"}],"wp:attachment":[{"href":"https:\/\/crarn.org.br\/index.php?rest_route=%2Fwp%2Fv2%2Fmedia&parent=68197"}],"wp:term":[{"taxonomy":"category","embeddable":true,"href":"https:\/\/crarn.org.br\/index.php?rest_route=%2Fwp%2Fv2%2Fcategories&post=68197"},{"taxonomy":"post_tag","embeddable":true,"href":"https:\/\/crarn.org.br\/index.php?rest_route=%2Fwp%2Fv2%2Ftags&post=68197"}],"curies":[{"name":"wp","href":"https:\/\/api.w.org\/{rel}","templated":true}]}}