{"id":68159,"date":"2025-09-24T16:44:58","date_gmt":"2025-09-24T19:44:58","guid":{"rendered":"https:\/\/crarn.org.br\/?p=68159"},"modified":"2025-09-24T16:44:59","modified_gmt":"2025-09-24T19:44:59","slug":"cra-rn-recebe-visita-tecnica-do-cra-rs-para-troca-de-experiencias-em-fiscalizacao-e-registro","status":"publish","type":"post","link":"https:\/\/crarn.org.br\/?p=68159","title":{"rendered":"CRA-RN recebe visita t\u00e9cnica do CRA-RS para troca de experi\u00eancias em fiscaliza\u00e7\u00e3o e registro"},"content":{"rendered":"\n<p>Nos dias 22 e 23 de setembro, o Conselho Regional de Administra\u00e7\u00e3o do Rio Grande do Norte (CRA-RN) recebeu a equipe do Conselho Regional de Administra\u00e7\u00e3o do Rio Grande do Sul (CRA-RS) para uma visita t\u00e9cnica com foco no compartilhamento de boas pr\u00e1ticas de fiscaliza\u00e7\u00e3o do CRA-RN.<\/p>\n<p>A comitiva ga\u00facha foi composta pelo presidente, Adm. Fl\u00e1vio Abreu; pela vice-presidente de Fiscaliza\u00e7\u00e3o e Registro, Adm. Odete Alves; pelo coordenador de Fiscaliza\u00e7\u00e3o, Adm. S\u00e9rguei Durand; e pelo fiscal, Adm. Celso Anderson Machado. Durante dois dias, eles participaram de reuni\u00f5es e atividades ao lado da equipe potiguar, formada pelo presidente do CRA-RN, Adm. Fl\u00e1vio Em\u00edlio Cavalcanti; pelo conselheiro federal pelo RN, Adm. J\u00falio Rezende; pela diretora de Fiscaliza\u00e7\u00e3o e Registro, Adm. Kate Maciel; pela coordenadora de Fiscaliza\u00e7\u00e3o, Adm. Tatiana Costa Pinto; pelo fiscal, Adm. F\u00e1bio Maia; e pelo assessor jur\u00eddico, Andr\u00e9 Medeiros.<\/p>\n<p>A programa\u00e7\u00e3o foi especialmente constru\u00edda dentro das demandas apontadas pelo CRA-RS, em especial, nas pr\u00e1ticas de aprimoramento de evid\u00eancias em fiscaliza\u00e7\u00e3o de empresas prestadoras de servi\u00e7os, mediante ado\u00e7\u00e3o do Formul\u00e1rio de Verifica\u00e7\u00e3o de Evid\u00eancias (FVE), na condu\u00e7\u00e3o das a\u00e7\u00f5es normativas, de forma\u00e7\u00e3o e de monitoramento da atividade da Responsabilidade T\u00e9cnica e no Projeto de Inser\u00e7\u00e3o de Cargo Efetivo na gest\u00e3o municipal.<\/p>\n<p>Para o presidente do CRA-RN, Adm. Fl\u00e1vio Em\u00edlio Cavalcanti, o encontro refor\u00e7ou a uni\u00e3o entre os regionais:<\/p>\n<p><em>\u201cUma oportunidade excelente receber aqui no CRA-RN a equipe do CRA-RS, de trocar experi\u00eancias e aprendermos mais sobre fiscaliza\u00e7\u00e3o, registro e gest\u00e3o do conselho, tudo isso para fazermos uma boa Administra\u00e7\u00e3o de Norte a Sul do Pa\u00eds.\u201d<\/em><\/p>\n<p>A diretora de Fiscaliza\u00e7\u00e3o e Registro do CRA-RN, Adm. Kate Maciel, destacou o car\u00e1ter construtivo do encontro:<\/p>\n<p><em>\u201cForam dois dias intensos e bastante produtivos, focados na troca de experi\u00eancias, compartilhamento de dados e conhecimentos, trazendo resultados positivos para ambos os conselhos. Muito importante este tipo de visita t\u00e9cnica, que engrandece e fortalece o nosso Sistema.\u201d<\/em><\/p>\n<p>O presidente do CRA-RS, Adm. Fl\u00e1vio Abreu, tamb\u00e9m ressaltou os aprendizados levados da experi\u00eancia:<\/p>\n<p><em>\u201cLevamos para o RS muitos ensinamentos na quest\u00e3o da visita aos munic\u00edpios e capacita\u00e7\u00e3o dos Respons\u00e1veis T\u00e9cnicos. S\u00e3o ideias brilhantes que vemos o resultado na pr\u00e1tica. Vamos colocar em pr\u00e1tica no nosso estado e cada vez mais trabalhar em prol dos profissionais de Administra\u00e7\u00e3o de todo o Brasil.\u201d<\/em><\/p>\n<p>Na mesma linha, a vice-presidente de Fiscaliza\u00e7\u00e3o e Registro, Adm. Odete Alves, enfatizou a relev\u00e2ncia da viv\u00eancia no RN:<\/p>\n<p><em>\u201cA gente fica muito feliz pela experi\u00eancia que vivenciamos e a din\u00e2mica com que s\u00e3o conduzidos os processos, a organiza\u00e7\u00e3o, o que nos impactou muito. Levamos experi\u00eancias de melhorias para os nossos processos em consequ\u00eancia desta intera\u00e7\u00e3o com o CRA-RN.\u201d<\/em><\/p>\n<p>A visita t\u00e9cnica consolidou uma importante troca de conhecimentos entre os regionais, fortalecendo ainda mais o Sistema CFA\/CRAs e reafirmando o compromisso com a valoriza\u00e7\u00e3o e fiscaliza\u00e7\u00e3o da profiss\u00e3o em todo o Brasil.<\/p>\n<p>\u00a0<\/p>\n<p>\u00a0<\/p>\n<button class=\"simplefavorite-button\" data-postid=\"68159\" data-siteid=\"1\" data-groupid=\"1\" data-favoritecount=\"0\" style=\"\">Favorite <i class=\"sf-icon-star-empty\"><\/i><\/button>","protected":false},"excerpt":{"rendered":"<p>Nos dias 22 e 23 de setembro, o Conselho Regional de Administra\u00e7\u00e3o do Rio Grande do Norte (CRA-RN) recebeu a equipe do Conselho Regional de Administra\u00e7\u00e3o do Rio Grande do Sul (CRA-RS) para uma visita t\u00e9cnica com foco no compartilhamento de boas pr\u00e1ticas de fiscaliza\u00e7\u00e3o do CRA-RN. A comitiva ga\u00facha foi composta pelo presidente, Adm.<a class=\"read-more\" href=\"https:\/\/crarn.org.br\/?p=68159\"> [&hellip;]<\/a><\/p>\n","protected":false},"author":26,"featured_media":68160,"comment_status":"closed","ping_status":"open","sticky":false,"template":"","format":"standard","meta":{"_price":"","_stock":"","_tribe_ticket_header":"","_tribe_default_ticket_provider":"","_tribe_ticket_capacity":"0","_ticket_start_date":"","_ticket_end_date":"","_tribe_ticket_show_description":"","_tribe_ticket_show_not_going":false,"_tribe_ticket_use_global_stock":"","_tribe_ticket_global_stock_level":"","_global_stock_mode":"","_global_stock_cap":"","_tribe_rsvp_for_event":"","_tribe_ticket_going_count":"","_tribe_ticket_not_going_count":"","_tribe_tickets_list":"[]","_tribe_ticket_has_attendee_info_fields":false,"footnotes":"","_links_to":"","_links_to_target":""},"categories":[585,310,320,399,309],"tags":[],"class_list":["post-68159","post","type-post","status-publish","format-standard","has-post-thumbnail","hentry","category-ano-2025","category-destaque-grande","category-home","category-institucional","category-ultimas-noticias","entry","has-media"],"_links":{"self":[{"href":"https:\/\/crarn.org.br\/index.php?rest_route=\/wp\/v2\/posts\/68159","targetHints":{"allow":["GET"]}}],"collection":[{"href":"https:\/\/crarn.org.br\/index.php?rest_route=\/wp\/v2\/posts"}],"about":[{"href":"https:\/\/crarn.org.br\/index.php?rest_route=\/wp\/v2\/types\/post"}],"author":[{"embeddable":true,"href":"https:\/\/crarn.org.br\/index.php?rest_route=\/wp\/v2\/users\/26"}],"replies":[{"embeddable":true,"href":"https:\/\/crarn.org.br\/index.php?rest_route=%2Fwp%2Fv2%2Fcomments&post=68159"}],"version-history":[{"count":2,"href":"https:\/\/crarn.org.br\/index.php?rest_route=\/wp\/v2\/posts\/68159\/revisions"}],"predecessor-version":[{"id":68162,"href":"https:\/\/crarn.org.br\/index.php?rest_route=\/wp\/v2\/posts\/68159\/revisions\/68162"}],"wp:featuredmedia":[{"embeddable":true,"href":"https:\/\/crarn.org.br\/index.php?rest_route=\/wp\/v2\/media\/68160"}],"wp:attachment":[{"href":"https:\/\/crarn.org.br\/index.php?rest_route=%2Fwp%2Fv2%2Fmedia&parent=68159"}],"wp:term":[{"taxonomy":"category","embeddable":true,"href":"https:\/\/crarn.org.br\/index.php?rest_route=%2Fwp%2Fv2%2Fcategories&post=68159"},{"taxonomy":"post_tag","embeddable":true,"href":"https:\/\/crarn.org.br\/index.php?rest_route=%2Fwp%2Fv2%2Ftags&post=68159"}],"curies":[{"name":"wp","href":"https:\/\/api.w.org\/{rel}","templated":true}]}}