{"id":68152,"date":"2025-09-23T15:00:39","date_gmt":"2025-09-23T18:00:39","guid":{"rendered":"https:\/\/crarn.org.br\/?p=68152"},"modified":"2025-09-23T15:00:40","modified_gmt":"2025-09-23T18:00:40","slug":"presidente-do-cra-rn-participa-de-evento-em-parelhas-pelo-mes-do-administrador-e-do-contador","status":"publish","type":"post","link":"https:\/\/crarn.org.br\/?p=68152","title":{"rendered":"Presidente do CRA-RN participa de evento em Parelhas pelo M\u00eas do Administrador e do Contador"},"content":{"rendered":"\n<p>O presidente do Conselho Regional de Administra\u00e7\u00e3o do Rio Grande do Norte (CRA-RN), Adm. Fl\u00e1vio Em\u00edlio Cavalcanti, esteve em Parelhas nesta segunda-feira (22) para participar das comemora\u00e7\u00f5es pelo M\u00eas do Administrador e do Contador, promovidas pelos cursos de Administra\u00e7\u00e3o e Ci\u00eancias Cont\u00e1beis da UNIMB.<\/p>\n<p>Com o tema \u201cImers\u00e3o no Universo da Administra\u00e7\u00e3o e da Contabilidade\u201d, o evento reuniu estudantes, professores e profissionais das duas \u00e1reas. Na ocasi\u00e3o, o presidente do CRA-RN ministrou uma palestra sobre a profiss\u00e3o de Administrador, destacando tamb\u00e9m os 60 anos de regulamenta\u00e7\u00e3o da Administra\u00e7\u00e3o no Brasil.<\/p>\n<p>A programa\u00e7\u00e3o contou ainda com a palestra do contador e empres\u00e1rio Alex Sandro Macedo, que trouxe reflex\u00f5es importantes em alus\u00e3o ao Dia do Contador.<\/p>\n\n\n<button class=\"simplefavorite-button\" data-postid=\"68152\" data-siteid=\"1\" data-groupid=\"1\" data-favoritecount=\"0\" style=\"\">Favorite <i class=\"sf-icon-star-empty\"><\/i><\/button>","protected":false},"excerpt":{"rendered":"<p>O presidente do Conselho Regional de Administra\u00e7\u00e3o do Rio Grande do Norte (CRA-RN), Adm. Fl\u00e1vio Em\u00edlio Cavalcanti, esteve em Parelhas nesta segunda-feira (22) para participar das comemora\u00e7\u00f5es pelo M\u00eas do Administrador e do Contador, promovidas pelos cursos de Administra\u00e7\u00e3o e Ci\u00eancias Cont\u00e1beis da UNIMB. Com o tema \u201cImers\u00e3o no Universo da Administra\u00e7\u00e3o e da Contabilidade\u201d,<a class=\"read-more\" href=\"https:\/\/crarn.org.br\/?p=68152\"> [&hellip;]<\/a><\/p>\n","protected":false},"author":26,"featured_media":68153,"comment_status":"closed","ping_status":"open","sticky":false,"template":"","format":"standard","meta":{"_price":"","_stock":"","_tribe_ticket_header":"","_tribe_default_ticket_provider":"","_tribe_ticket_capacity":"0","_ticket_start_date":"","_ticket_end_date":"","_tribe_ticket_show_description":"","_tribe_ticket_show_not_going":false,"_tribe_ticket_use_global_stock":"","_tribe_ticket_global_stock_level":"","_global_stock_mode":"","_global_stock_cap":"","_tribe_rsvp_for_event":"","_tribe_ticket_going_count":"","_tribe_ticket_not_going_count":"","_tribe_tickets_list":"[]","_tribe_ticket_has_attendee_info_fields":false,"footnotes":"","_links_to":"","_links_to_target":""},"categories":[585,311,399,309],"tags":[],"class_list":["post-68152","post","type-post","status-publish","format-standard","has-post-thumbnail","hentry","category-ano-2025","category-destaque-pequeno-superior","category-institucional","category-ultimas-noticias","entry","has-media"],"_links":{"self":[{"href":"https:\/\/crarn.org.br\/index.php?rest_route=\/wp\/v2\/posts\/68152","targetHints":{"allow":["GET"]}}],"collection":[{"href":"https:\/\/crarn.org.br\/index.php?rest_route=\/wp\/v2\/posts"}],"about":[{"href":"https:\/\/crarn.org.br\/index.php?rest_route=\/wp\/v2\/types\/post"}],"author":[{"embeddable":true,"href":"https:\/\/crarn.org.br\/index.php?rest_route=\/wp\/v2\/users\/26"}],"replies":[{"embeddable":true,"href":"https:\/\/crarn.org.br\/index.php?rest_route=%2Fwp%2Fv2%2Fcomments&post=68152"}],"version-history":[{"count":1,"href":"https:\/\/crarn.org.br\/index.php?rest_route=\/wp\/v2\/posts\/68152\/revisions"}],"predecessor-version":[{"id":68154,"href":"https:\/\/crarn.org.br\/index.php?rest_route=\/wp\/v2\/posts\/68152\/revisions\/68154"}],"wp:featuredmedia":[{"embeddable":true,"href":"https:\/\/crarn.org.br\/index.php?rest_route=\/wp\/v2\/media\/68153"}],"wp:attachment":[{"href":"https:\/\/crarn.org.br\/index.php?rest_route=%2Fwp%2Fv2%2Fmedia&parent=68152"}],"wp:term":[{"taxonomy":"category","embeddable":true,"href":"https:\/\/crarn.org.br\/index.php?rest_route=%2Fwp%2Fv2%2Fcategories&post=68152"},{"taxonomy":"post_tag","embeddable":true,"href":"https:\/\/crarn.org.br\/index.php?rest_route=%2Fwp%2Fv2%2Ftags&post=68152"}],"curies":[{"name":"wp","href":"https:\/\/api.w.org\/{rel}","templated":true}]}}