{"id":68149,"date":"2025-09-22T11:25:26","date_gmt":"2025-09-22T14:25:26","guid":{"rendered":"https:\/\/crarn.org.br\/?p=68149"},"modified":"2025-09-22T11:25:26","modified_gmt":"2025-09-22T14:25:26","slug":"cra-rn-celebra-60-anos-da-administracao-na-meia-maratona-do-sol","status":"publish","type":"post","link":"https:\/\/crarn.org.br\/?p=68149","title":{"rendered":"CRA-RN celebra 60 anos da Administra\u00e7\u00e3o na Meia Maratona do Sol"},"content":{"rendered":"\n<p>O Conselho Regional de Administra\u00e7\u00e3o do Rio Grande do Norte (CRA-RN) marcou presen\u00e7a na Meia Maratona do Sol com uma participa\u00e7\u00e3o especial em comemora\u00e7\u00e3o aos 60 anos da Administra\u00e7\u00e3o no Brasil.<\/p>\n<p>Neste ano, a prova contou com uma categoria e premia\u00e7\u00e3o exclusiva para os profissionais de Administra\u00e7\u00e3o, refor\u00e7ando a valoriza\u00e7\u00e3o da classe em um dos maiores eventos esportivos do Brasil, no universo da corrida de rua.<\/p>\n<p>Como parte das celebra\u00e7\u00f5es, o CRA-RN disponibilizou 100 inscri\u00e7\u00f5es gratuitas para profissionais e estudantes registrados, mediante a doa\u00e7\u00e3o de duas latas de leite em p\u00f3, promovendo n\u00e3o apenas a integra\u00e7\u00e3o da categoria, mas tamb\u00e9m a solidariedade.<\/p>\n<p>No dia da corrida, o Conselho acolheu os participantes em sua tenda de apoio, oferecendo hidrata\u00e7\u00e3o e frutas tropicais, garantindo energia extra e refor\u00e7ando o clima de confraterniza\u00e7\u00e3o.<\/p>\n<p>A iniciativa transformou a participa\u00e7\u00e3o na Meia Maratona em uma verdadeira festa do esporte, onde os profissionais de Administra\u00e7\u00e3o puderam viver um momento \u00fanico de integra\u00e7\u00e3o, sa\u00fade e celebra\u00e7\u00e3o do Jubileu de Diamante da profiss\u00e3o no Brasil.<\/p>\n<button class=\"simplefavorite-button\" data-postid=\"68149\" data-siteid=\"1\" data-groupid=\"1\" data-favoritecount=\"0\" style=\"\">Favorite <i class=\"sf-icon-star-empty\"><\/i><\/button>","protected":false},"excerpt":{"rendered":"<p>O Conselho Regional de Administra\u00e7\u00e3o do Rio Grande do Norte (CRA-RN) marcou presen\u00e7a na Meia Maratona do Sol com uma participa\u00e7\u00e3o especial em comemora\u00e7\u00e3o aos 60 anos da Administra\u00e7\u00e3o no Brasil. Neste ano, a prova contou com uma categoria e premia\u00e7\u00e3o exclusiva para os profissionais de Administra\u00e7\u00e3o, refor\u00e7ando a valoriza\u00e7\u00e3o da classe em um dos<a class=\"read-more\" href=\"https:\/\/crarn.org.br\/?p=68149\"> [&hellip;]<\/a><\/p>\n","protected":false},"author":26,"featured_media":68150,"comment_status":"closed","ping_status":"open","sticky":false,"template":"","format":"standard","meta":{"_price":"","_stock":"","_tribe_ticket_header":"","_tribe_default_ticket_provider":"","_tribe_ticket_capacity":"0","_ticket_start_date":"","_ticket_end_date":"","_tribe_ticket_show_description":"","_tribe_ticket_show_not_going":false,"_tribe_ticket_use_global_stock":"","_tribe_ticket_global_stock_level":"","_global_stock_mode":"","_global_stock_cap":"","_tribe_rsvp_for_event":"","_tribe_ticket_going_count":"","_tribe_ticket_not_going_count":"","_tribe_tickets_list":"[]","_tribe_ticket_has_attendee_info_fields":false,"footnotes":"","_links_to":"","_links_to_target":""},"categories":[585,310,320,309],"tags":[],"class_list":["post-68149","post","type-post","status-publish","format-standard","has-post-thumbnail","hentry","category-ano-2025","category-destaque-grande","category-home","category-ultimas-noticias","entry","has-media"],"_links":{"self":[{"href":"https:\/\/crarn.org.br\/index.php?rest_route=\/wp\/v2\/posts\/68149","targetHints":{"allow":["GET"]}}],"collection":[{"href":"https:\/\/crarn.org.br\/index.php?rest_route=\/wp\/v2\/posts"}],"about":[{"href":"https:\/\/crarn.org.br\/index.php?rest_route=\/wp\/v2\/types\/post"}],"author":[{"embeddable":true,"href":"https:\/\/crarn.org.br\/index.php?rest_route=\/wp\/v2\/users\/26"}],"replies":[{"embeddable":true,"href":"https:\/\/crarn.org.br\/index.php?rest_route=%2Fwp%2Fv2%2Fcomments&post=68149"}],"version-history":[{"count":1,"href":"https:\/\/crarn.org.br\/index.php?rest_route=\/wp\/v2\/posts\/68149\/revisions"}],"predecessor-version":[{"id":68151,"href":"https:\/\/crarn.org.br\/index.php?rest_route=\/wp\/v2\/posts\/68149\/revisions\/68151"}],"wp:featuredmedia":[{"embeddable":true,"href":"https:\/\/crarn.org.br\/index.php?rest_route=\/wp\/v2\/media\/68150"}],"wp:attachment":[{"href":"https:\/\/crarn.org.br\/index.php?rest_route=%2Fwp%2Fv2%2Fmedia&parent=68149"}],"wp:term":[{"taxonomy":"category","embeddable":true,"href":"https:\/\/crarn.org.br\/index.php?rest_route=%2Fwp%2Fv2%2Fcategories&post=68149"},{"taxonomy":"post_tag","embeddable":true,"href":"https:\/\/crarn.org.br\/index.php?rest_route=%2Fwp%2Fv2%2Ftags&post=68149"}],"curies":[{"name":"wp","href":"https:\/\/api.w.org\/{rel}","templated":true}]}}