{"id":68108,"date":"2025-09-03T14:10:37","date_gmt":"2025-09-03T17:10:37","guid":{"rendered":"https:\/\/crarn.org.br\/?p=68108"},"modified":"2025-09-03T14:10:38","modified_gmt":"2025-09-03T17:10:38","slug":"administracao-celebra-60-anos-com-programacao-especial-em-natal","status":"publish","type":"post","link":"https:\/\/crarn.org.br\/?p=68108","title":{"rendered":"Administra\u00e7\u00e3o celebra 60 anos com programa\u00e7\u00e3o especial em Natal"},"content":{"rendered":"\n<p>Em 2025, a Administra\u00e7\u00e3o no Brasil completa seis d\u00e9cadas de regulamenta\u00e7\u00e3o. Para marcar o Jubileu de Diamante da profiss\u00e3o, o Sistema CFA\/CRAs preparou uma programa\u00e7\u00e3o nacional durante o m\u00eas de setembro, em Bras\u00edlia, reunindo autoridades, profissionais e a sociedade em momentos de reconhecimento, mem\u00f3ria e celebra\u00e7\u00e3o.<\/p>\n<p><strong>Programa\u00e7\u00e3o em Natal<\/strong><\/p>\n<p>No Rio Grande do Norte, o Conselho Regional de Administra\u00e7\u00e3o (CRA-RN) tamb\u00e9m celebra a data com uma programa\u00e7\u00e3o especial para os profissionais.<\/p>\n<p><strong>A import\u00e2ncia do Administrador<\/strong><\/p>\n<p>Presente em praticamente todos os setores da economia, o Administrador desempenha um papel essencial tanto na gest\u00e3o de organiza\u00e7\u00f5es privadas quanto no fortalecimento da administra\u00e7\u00e3o p\u00fablica. Seu trabalho contribui diretamente para a efici\u00eancia, inova\u00e7\u00e3o e sustentabilidade das empresas e institui\u00e7\u00f5es, gerando impactos positivos no desenvolvimento econ\u00f4mico e social do pa\u00eds.<\/p>\n<p>O presidente do CRA-RN, Adm. Fl\u00e1vio Em\u00edlio Cavalcanti, destaca que a celebra\u00e7\u00e3o dos 60 anos \u00e9 tamb\u00e9m um momento de reflex\u00e3o sobre os novos desafios da profiss\u00e3o: \u201c\u00c9 uma oportunidade de reconhecer o que j\u00e1 conquistamos, mas tamb\u00e9m de olhar para o futuro, com o compromisso de fortalecer ainda mais a Administra\u00e7\u00e3o como ci\u00eancia, profiss\u00e3o e instrumento de transforma\u00e7\u00e3o social.\u201d<\/p>\n<p>Confira a programa\u00e7\u00e3o do CRA-RN e j\u00e1 anote as datas na sua agenda:<\/p>\n<p>10\/09\/2025 \u2013 Solenidade em Comemora\u00e7\u00e3o ao Jubileu de Diamante da Administra\u00e7\u00e3o, com homenagens a profissionais que marcaram a hist\u00f3ria do regional. O evento ser\u00e1 realizado na Escola de M\u00fasica da UFRN.<\/p>\n<p>20\/09\/2025 \u2013 Participa\u00e7\u00e3o na Meia Maratona do Sol, com categoria e premia\u00e7\u00e3o exclusivas para os profissionais inscritos pelo CRA-RN.<\/p>\n<p>27\/09\/2025 \u2013 Tardezinha ADM: momento de integra\u00e7\u00e3o, m\u00fasica e confraterniza\u00e7\u00e3o em cervejaria da Via Costeira, reunindo profissionais da \u00e1rea<\/p>\n<p>Os detalhes sobre as inscri\u00e7\u00f5es na corrida j\u00e1 foram divulgados e, em breve, ser\u00e1 informado como os profissionais poder\u00e3o participar dos outros eventos.<\/p>\n<p>Fiquem de olho nas redes sociais do CRA-RN!<\/p>\n<p>\u00a0<\/p>\n<p>\u00a0<\/p>\n<button class=\"simplefavorite-button\" data-postid=\"68108\" data-siteid=\"1\" data-groupid=\"1\" data-favoritecount=\"0\" style=\"\">Favorite <i class=\"sf-icon-star-empty\"><\/i><\/button>","protected":false},"excerpt":{"rendered":"<p>Em 2025, a Administra\u00e7\u00e3o no Brasil completa seis d\u00e9cadas de regulamenta\u00e7\u00e3o. Para marcar o Jubileu de Diamante da profiss\u00e3o, o Sistema CFA\/CRAs preparou uma programa\u00e7\u00e3o nacional durante o m\u00eas de setembro, em Bras\u00edlia, reunindo autoridades, profissionais e a sociedade em momentos de reconhecimento, mem\u00f3ria e celebra\u00e7\u00e3o. Programa\u00e7\u00e3o em Natal No Rio Grande do Norte, o<a class=\"read-more\" href=\"https:\/\/crarn.org.br\/?p=68108\"> [&hellip;]<\/a><\/p>\n","protected":false},"author":26,"featured_media":68109,"comment_status":"closed","ping_status":"open","sticky":false,"template":"","format":"standard","meta":{"_price":"","_stock":"","_tribe_ticket_header":"","_tribe_default_ticket_provider":"","_tribe_ticket_capacity":"0","_ticket_start_date":"","_ticket_end_date":"","_tribe_ticket_show_description":"","_tribe_ticket_show_not_going":false,"_tribe_ticket_use_global_stock":"","_tribe_ticket_global_stock_level":"","_global_stock_mode":"","_global_stock_cap":"","_tribe_rsvp_for_event":"","_tribe_ticket_going_count":"","_tribe_ticket_not_going_count":"","_tribe_tickets_list":"[]","_tribe_ticket_has_attendee_info_fields":false,"footnotes":"","_links_to":"","_links_to_target":""},"categories":[585,310,399,309],"tags":[],"class_list":["post-68108","post","type-post","status-publish","format-standard","has-post-thumbnail","hentry","category-ano-2025","category-destaque-grande","category-institucional","category-ultimas-noticias","entry","has-media"],"_links":{"self":[{"href":"https:\/\/crarn.org.br\/index.php?rest_route=\/wp\/v2\/posts\/68108","targetHints":{"allow":["GET"]}}],"collection":[{"href":"https:\/\/crarn.org.br\/index.php?rest_route=\/wp\/v2\/posts"}],"about":[{"href":"https:\/\/crarn.org.br\/index.php?rest_route=\/wp\/v2\/types\/post"}],"author":[{"embeddable":true,"href":"https:\/\/crarn.org.br\/index.php?rest_route=\/wp\/v2\/users\/26"}],"replies":[{"embeddable":true,"href":"https:\/\/crarn.org.br\/index.php?rest_route=%2Fwp%2Fv2%2Fcomments&post=68108"}],"version-history":[{"count":3,"href":"https:\/\/crarn.org.br\/index.php?rest_route=\/wp\/v2\/posts\/68108\/revisions"}],"predecessor-version":[{"id":68112,"href":"https:\/\/crarn.org.br\/index.php?rest_route=\/wp\/v2\/posts\/68108\/revisions\/68112"}],"wp:featuredmedia":[{"embeddable":true,"href":"https:\/\/crarn.org.br\/index.php?rest_route=\/wp\/v2\/media\/68109"}],"wp:attachment":[{"href":"https:\/\/crarn.org.br\/index.php?rest_route=%2Fwp%2Fv2%2Fmedia&parent=68108"}],"wp:term":[{"taxonomy":"category","embeddable":true,"href":"https:\/\/crarn.org.br\/index.php?rest_route=%2Fwp%2Fv2%2Fcategories&post=68108"},{"taxonomy":"post_tag","embeddable":true,"href":"https:\/\/crarn.org.br\/index.php?rest_route=%2Fwp%2Fv2%2Ftags&post=68108"}],"curies":[{"name":"wp","href":"https:\/\/api.w.org\/{rel}","templated":true}]}}