{"id":68105,"date":"2025-09-02T16:03:04","date_gmt":"2025-09-02T19:03:04","guid":{"rendered":"https:\/\/crarn.org.br\/?p=68105"},"modified":"2025-09-08T16:18:38","modified_gmt":"2025-09-08T19:18:38","slug":"cra-rn-visita-sede-do-cra-go-durante-agenda-em-goiania","status":"publish","type":"post","link":"https:\/\/crarn.org.br\/?p=68105","title":{"rendered":"CRA-RN visita sede do CRA-GO durante agenda em Goi\u00e2nia"},"content":{"rendered":"\n<p>Durante a perman\u00eancia em Goi\u00e2nia, o presidente do CRA-RN, Adm. Fl\u00e1vio Em\u00edlio Cavalcanti, e a diretora Administrativa e Financeira, Adm. C\u00e9lia Ribeiro, participaram de uma visita institucional \u00e0 sede do Conselho Regional de Administra\u00e7\u00e3o de Goi\u00e1s (CRA-GO).<\/p>\n<p>A comitiva foi recebida pelo presidente do CRA-GO, Adm. Samuel Albernaz, que destacou a alegria de iniciar as comemora\u00e7\u00f5es do Jubileu de Diamante da Administra\u00e7\u00e3o recebendo representantes de diversos regionais. \u201c\u00c9 uma honra e uma alegria receber, na Casa do Administrador Goiano, profissionais da mais alta compet\u00eancia e estima, que trabalham diuturnamente em prol da valoriza\u00e7\u00e3o da nossa profiss\u00e3o\u201d, afirmou.<\/p>\n<p>Durante o encontro, o presidente do CRA-RN ressaltou a import\u00e2ncia do momento: \u201cFelicidade e gratid\u00e3o pela acolhida maravilhosa. Nesta sala, onde est\u00e1 parte do Brasil representado, todos juntos em um m\u00eas t\u00e3o especial e com a mesma bandeira: transformar a Administra\u00e7\u00e3o cada vez mais forte.\u201d<\/p>\n<p>A diretora C\u00e9lia Ribeiro tamb\u00e9m agradeceu pela oportunidade: \u201cAgrade\u00e7o ao presidente Samuel pelo convite, pela homenagem e por participar deste dia t\u00e3o importante. Acompanhei o crescimento da profiss\u00e3o ao longo dos anos e vamos lutar para que a nossa Administra\u00e7\u00e3o seja sempre forte.\u201d<\/p>\n<p>Al\u00e9m do CRA-RN, participaram da visita o conselheiro federal pelo CRA-AC, Adm. F\u00e1bio Mac\u00eado; a conselheira federal pelo CRA-SC, Adm. Isabela Regina Fornari M\u00fcller; o presidente do CRA-MS, Adm. Marcelo Gomes e o presidente do CRA-PA, Adm. F\u00e1bio L\u00facio de Souza Costa.<\/p>\n<button class=\"simplefavorite-button\" data-postid=\"68105\" data-siteid=\"1\" data-groupid=\"1\" data-favoritecount=\"0\" style=\"\">Favorite <i class=\"sf-icon-star-empty\"><\/i><\/button>","protected":false},"excerpt":{"rendered":"<p>Durante a perman\u00eancia em Goi\u00e2nia, o presidente do CRA-RN, Adm. Fl\u00e1vio Em\u00edlio Cavalcanti, e a diretora Administrativa e Financeira, Adm. C\u00e9lia Ribeiro, participaram de uma visita institucional \u00e0 sede do Conselho Regional de Administra\u00e7\u00e3o de Goi\u00e1s (CRA-GO). A comitiva foi recebida pelo presidente do CRA-GO, Adm. Samuel Albernaz, que destacou a alegria de iniciar as<a class=\"read-more\" href=\"https:\/\/crarn.org.br\/?p=68105\"> [&hellip;]<\/a><\/p>\n","protected":false},"author":26,"featured_media":68106,"comment_status":"closed","ping_status":"open","sticky":false,"template":"","format":"standard","meta":{"_price":"","_stock":"","_tribe_ticket_header":"","_tribe_default_ticket_provider":"","_tribe_ticket_capacity":"0","_ticket_start_date":"","_ticket_end_date":"","_tribe_ticket_show_description":"","_tribe_ticket_show_not_going":false,"_tribe_ticket_use_global_stock":"","_tribe_ticket_global_stock_level":"","_global_stock_mode":"","_global_stock_cap":"","_tribe_rsvp_for_event":"","_tribe_ticket_going_count":"","_tribe_ticket_not_going_count":"","_tribe_tickets_list":"[]","_tribe_ticket_has_attendee_info_fields":false,"footnotes":"","_links_to":"","_links_to_target":""},"categories":[585,312,320,399,309],"tags":[],"class_list":["post-68105","post","type-post","status-publish","format-standard","has-post-thumbnail","hentry","category-ano-2025","category-destaque-pequeno-inferior","category-home","category-institucional","category-ultimas-noticias","entry","has-media"],"_links":{"self":[{"href":"https:\/\/crarn.org.br\/index.php?rest_route=\/wp\/v2\/posts\/68105","targetHints":{"allow":["GET"]}}],"collection":[{"href":"https:\/\/crarn.org.br\/index.php?rest_route=\/wp\/v2\/posts"}],"about":[{"href":"https:\/\/crarn.org.br\/index.php?rest_route=\/wp\/v2\/types\/post"}],"author":[{"embeddable":true,"href":"https:\/\/crarn.org.br\/index.php?rest_route=\/wp\/v2\/users\/26"}],"replies":[{"embeddable":true,"href":"https:\/\/crarn.org.br\/index.php?rest_route=%2Fwp%2Fv2%2Fcomments&post=68105"}],"version-history":[{"count":1,"href":"https:\/\/crarn.org.br\/index.php?rest_route=\/wp\/v2\/posts\/68105\/revisions"}],"predecessor-version":[{"id":68107,"href":"https:\/\/crarn.org.br\/index.php?rest_route=\/wp\/v2\/posts\/68105\/revisions\/68107"}],"wp:featuredmedia":[{"embeddable":true,"href":"https:\/\/crarn.org.br\/index.php?rest_route=\/wp\/v2\/media\/68106"}],"wp:attachment":[{"href":"https:\/\/crarn.org.br\/index.php?rest_route=%2Fwp%2Fv2%2Fmedia&parent=68105"}],"wp:term":[{"taxonomy":"category","embeddable":true,"href":"https:\/\/crarn.org.br\/index.php?rest_route=%2Fwp%2Fv2%2Fcategories&post=68105"},{"taxonomy":"post_tag","embeddable":true,"href":"https:\/\/crarn.org.br\/index.php?rest_route=%2Fwp%2Fv2%2Ftags&post=68105"}],"curies":[{"name":"wp","href":"https:\/\/api.w.org\/{rel}","templated":true}]}}