{"id":68102,"date":"2025-09-02T14:45:02","date_gmt":"2025-09-02T17:45:02","guid":{"rendered":"https:\/\/crarn.org.br\/?p=68102"},"modified":"2025-09-10T11:00:07","modified_gmt":"2025-09-10T14:00:07","slug":"cra-rn-e-homenageado-em-sessao-solene-na-assembleia-legislativa-de-goias","status":"publish","type":"post","link":"https:\/\/crarn.org.br\/?p=68102","title":{"rendered":"CRA-RN \u00e9 homenageado em sess\u00e3o solene na Assembleia Legislativa de Goi\u00e1s"},"content":{"rendered":"\n<p>O presidente do Conselho Regional de Administra\u00e7\u00e3o do Rio Grande do Norte (CRA-RN), Adm. Fl\u00e1vio Em\u00edlio Cavalcanti, e a diretora Administrativa Financeira, Adm. C\u00e9lia Ribeiro, foram homenageados na noite desta segunda-feira (01\/09), durante sess\u00e3o solene realizada na Assembleia Legislativa do Estado de Goi\u00e1s.<\/p>\n<p>O evento, proposto pelo deputado Virmondes Cruvinel Filho, celebrou o Dia Nacional do Administrador e os 60 anos da regulamenta\u00e7\u00e3o da profiss\u00e3o no Brasil, o Jubileu de Diamante da Administra\u00e7\u00e3o. A solenidade reuniu profissionais de diferentes regi\u00f5es do pa\u00eds que se destacam no cen\u00e1rio administrativo, tanto no setor p\u00fablico quanto no privado.<\/p>\n<p>Na ocasi\u00e3o, foram relembradas conquistas alcan\u00e7adas ao longo das seis d\u00e9cadas da profiss\u00e3o, refor\u00e7ando tamb\u00e9m a necessidade de olhar para o futuro e continuar avan\u00e7ando.<\/p>\n<p>O presidente do CRA-RN agradeceu ao presidente do CRA-GO, Adm. Samuel Albernaz, pela indica\u00e7\u00e3o e destacou a import\u00e2ncia do reconhecimento. \u201cFoi muito gratificante representar o RN, juntamente com a ex-conselheira federal e atual diretora administrativa financeira, C\u00e9lia Ribeiro. Uma oportunidade \u00edmpar n\u00e3o s\u00f3 de representar o estado, mas de fortalecer boas rela\u00e7\u00f5es com outros CRAs, compartilhando experi\u00eancias que deram certo. Pudemos ver a for\u00e7a que a nossa profiss\u00e3o tem de norte a sul\u201d, afirmou Fl\u00e1vio Em\u00edlio.<\/p>\n<p>O Dia do Administrador \u00e9 comemorado em 9 de setembro, em alus\u00e3o \u00e0 assinatura da Lei n.\u00b0 4.769\/1965, que regulamenta a profiss\u00e3o no Brasil.<\/p>\n<button class=\"simplefavorite-button\" data-postid=\"68102\" data-siteid=\"1\" data-groupid=\"1\" data-favoritecount=\"0\" style=\"\">Favorite <i class=\"sf-icon-star-empty\"><\/i><\/button>","protected":false},"excerpt":{"rendered":"<p>O presidente do Conselho Regional de Administra\u00e7\u00e3o do Rio Grande do Norte (CRA-RN), Adm. Fl\u00e1vio Em\u00edlio Cavalcanti, e a diretora Administrativa Financeira, Adm. C\u00e9lia Ribeiro, foram homenageados na noite desta segunda-feira (01\/09), durante sess\u00e3o solene realizada na Assembleia Legislativa do Estado de Goi\u00e1s. O evento, proposto pelo deputado Virmondes Cruvinel Filho, celebrou o Dia Nacional<a class=\"read-more\" href=\"https:\/\/crarn.org.br\/?p=68102\"> [&hellip;]<\/a><\/p>\n","protected":false},"author":26,"featured_media":68103,"comment_status":"closed","ping_status":"open","sticky":false,"template":"","format":"standard","meta":{"_price":"","_stock":"","_tribe_ticket_header":"","_tribe_default_ticket_provider":"","_tribe_ticket_capacity":"0","_ticket_start_date":"","_ticket_end_date":"","_tribe_ticket_show_description":"","_tribe_ticket_show_not_going":false,"_tribe_ticket_use_global_stock":"","_tribe_ticket_global_stock_level":"","_global_stock_mode":"","_global_stock_cap":"","_tribe_rsvp_for_event":"","_tribe_ticket_going_count":"","_tribe_ticket_not_going_count":"","_tribe_tickets_list":"[]","_tribe_ticket_has_attendee_info_fields":false,"footnotes":"","_links_to":"","_links_to_target":""},"categories":[585,311,320,399,309],"tags":[],"class_list":["post-68102","post","type-post","status-publish","format-standard","has-post-thumbnail","hentry","category-ano-2025","category-destaque-pequeno-superior","category-home","category-institucional","category-ultimas-noticias","entry","has-media"],"_links":{"self":[{"href":"https:\/\/crarn.org.br\/index.php?rest_route=\/wp\/v2\/posts\/68102","targetHints":{"allow":["GET"]}}],"collection":[{"href":"https:\/\/crarn.org.br\/index.php?rest_route=\/wp\/v2\/posts"}],"about":[{"href":"https:\/\/crarn.org.br\/index.php?rest_route=\/wp\/v2\/types\/post"}],"author":[{"embeddable":true,"href":"https:\/\/crarn.org.br\/index.php?rest_route=\/wp\/v2\/users\/26"}],"replies":[{"embeddable":true,"href":"https:\/\/crarn.org.br\/index.php?rest_route=%2Fwp%2Fv2%2Fcomments&post=68102"}],"version-history":[{"count":1,"href":"https:\/\/crarn.org.br\/index.php?rest_route=\/wp\/v2\/posts\/68102\/revisions"}],"predecessor-version":[{"id":68104,"href":"https:\/\/crarn.org.br\/index.php?rest_route=\/wp\/v2\/posts\/68102\/revisions\/68104"}],"wp:featuredmedia":[{"embeddable":true,"href":"https:\/\/crarn.org.br\/index.php?rest_route=\/wp\/v2\/media\/68103"}],"wp:attachment":[{"href":"https:\/\/crarn.org.br\/index.php?rest_route=%2Fwp%2Fv2%2Fmedia&parent=68102"}],"wp:term":[{"taxonomy":"category","embeddable":true,"href":"https:\/\/crarn.org.br\/index.php?rest_route=%2Fwp%2Fv2%2Fcategories&post=68102"},{"taxonomy":"post_tag","embeddable":true,"href":"https:\/\/crarn.org.br\/index.php?rest_route=%2Fwp%2Fv2%2Ftags&post=68102"}],"curies":[{"name":"wp","href":"https:\/\/api.w.org\/{rel}","templated":true}]}}