{"id":68097,"date":"2025-08-29T15:06:38","date_gmt":"2025-08-29T18:06:38","guid":{"rendered":"https:\/\/crarn.org.br\/?p=68097"},"modified":"2025-09-03T14:22:02","modified_gmt":"2025-09-03T17:22:02","slug":"cra-rn-participa-de-colacao-de-grau-na-unp-mossoro","status":"publish","type":"post","link":"https:\/\/crarn.org.br\/?p=68097","title":{"rendered":"CRA-RN participa de cola\u00e7\u00e3o de grau na UNP &#8211; Mossor\u00f3"},"content":{"rendered":"\n<p>O Conselho Regional de Administra\u00e7\u00e3o do Rio Grande do Norte (CRA-RN) marcou presen\u00e7a na solenidade de cola\u00e7\u00e3o de grau da Universidade Potiguar (UNP), realizada no Thermas Hall, em Mossor\u00f3.<\/p>\n<p>O CRA-RN foi representado pelo conselheiro suplente, Adm. J\u00falio C\u00e9sar Rodrigues, que participou da mesa principal do evento, atendendo ao convite do professor Jordan Medeiros de Oliveira.<\/p>\n<p>A cerim\u00f4nia foi presidida pelo professor Helder Sabino de Ara\u00fajo, gerente do Campus da UNP Mossor\u00f3, e reuniu formandos, familiares e autoridades acad\u00eamicas em um momento de celebra\u00e7\u00e3o e conquista para os novos profissionais.<\/p>\n<p>\u00a0<\/p>\n<button class=\"simplefavorite-button\" data-postid=\"68097\" data-siteid=\"1\" data-groupid=\"1\" data-favoritecount=\"0\" style=\"\">Favorite <i class=\"sf-icon-star-empty\"><\/i><\/button>","protected":false},"excerpt":{"rendered":"<p>O Conselho Regional de Administra\u00e7\u00e3o do Rio Grande do Norte (CRA-RN) marcou presen\u00e7a na solenidade de cola\u00e7\u00e3o de grau da Universidade Potiguar (UNP), realizada no Thermas Hall, em Mossor\u00f3. O CRA-RN foi representado pelo conselheiro suplente, Adm. J\u00falio C\u00e9sar Rodrigues, que participou da mesa principal do evento, atendendo ao convite do professor Jordan Medeiros de<a class=\"read-more\" href=\"https:\/\/crarn.org.br\/?p=68097\"> [&hellip;]<\/a><\/p>\n","protected":false},"author":26,"featured_media":68098,"comment_status":"closed","ping_status":"open","sticky":false,"template":"","format":"standard","meta":{"_price":"","_stock":"","_tribe_ticket_header":"","_tribe_default_ticket_provider":"","_tribe_ticket_capacity":"0","_ticket_start_date":"","_ticket_end_date":"","_tribe_ticket_show_description":"","_tribe_ticket_show_not_going":false,"_tribe_ticket_use_global_stock":"","_tribe_ticket_global_stock_level":"","_global_stock_mode":"","_global_stock_cap":"","_tribe_rsvp_for_event":"","_tribe_ticket_going_count":"","_tribe_ticket_not_going_count":"","_tribe_tickets_list":"[]","_tribe_ticket_has_attendee_info_fields":false,"footnotes":"","_links_to":"","_links_to_target":""},"categories":[585,320,399,309],"tags":[],"class_list":["post-68097","post","type-post","status-publish","format-standard","has-post-thumbnail","hentry","category-ano-2025","category-home","category-institucional","category-ultimas-noticias","entry","has-media"],"_links":{"self":[{"href":"https:\/\/crarn.org.br\/index.php?rest_route=\/wp\/v2\/posts\/68097","targetHints":{"allow":["GET"]}}],"collection":[{"href":"https:\/\/crarn.org.br\/index.php?rest_route=\/wp\/v2\/posts"}],"about":[{"href":"https:\/\/crarn.org.br\/index.php?rest_route=\/wp\/v2\/types\/post"}],"author":[{"embeddable":true,"href":"https:\/\/crarn.org.br\/index.php?rest_route=\/wp\/v2\/users\/26"}],"replies":[{"embeddable":true,"href":"https:\/\/crarn.org.br\/index.php?rest_route=%2Fwp%2Fv2%2Fcomments&post=68097"}],"version-history":[{"count":2,"href":"https:\/\/crarn.org.br\/index.php?rest_route=\/wp\/v2\/posts\/68097\/revisions"}],"predecessor-version":[{"id":68100,"href":"https:\/\/crarn.org.br\/index.php?rest_route=\/wp\/v2\/posts\/68097\/revisions\/68100"}],"wp:featuredmedia":[{"embeddable":true,"href":"https:\/\/crarn.org.br\/index.php?rest_route=\/wp\/v2\/media\/68098"}],"wp:attachment":[{"href":"https:\/\/crarn.org.br\/index.php?rest_route=%2Fwp%2Fv2%2Fmedia&parent=68097"}],"wp:term":[{"taxonomy":"category","embeddable":true,"href":"https:\/\/crarn.org.br\/index.php?rest_route=%2Fwp%2Fv2%2Fcategories&post=68097"},{"taxonomy":"post_tag","embeddable":true,"href":"https:\/\/crarn.org.br\/index.php?rest_route=%2Fwp%2Fv2%2Ftags&post=68097"}],"curies":[{"name":"wp","href":"https:\/\/api.w.org\/{rel}","templated":true}]}}