{"id":68090,"date":"2025-08-20T13:51:56","date_gmt":"2025-08-20T16:51:56","guid":{"rendered":"https:\/\/crarn.org.br\/?p=68090"},"modified":"2025-08-20T13:51:57","modified_gmt":"2025-08-20T16:51:57","slug":"desenvolve-adm-de-agosto-debate-marketing-pessoal-como-estrategia-de-posicionamento","status":"publish","type":"post","link":"https:\/\/crarn.org.br\/?p=68090","title":{"rendered":"Desenvolve ADM de agosto debate marketing pessoal como estrat\u00e9gia de posicionamento"},"content":{"rendered":"\n<p>O Conselho Regional de Administra\u00e7\u00e3o do Rio Grande do Norte (CRA-RN) realizou, em agosto, mais uma edi\u00e7\u00e3o do projeto Desenvolve ADM, com a palestra \u201cDeu Match! Sua Imagem com o Mercado. Marketing pessoal como posicionamento estrat\u00e9gico.\u201d<\/p>\n<p>A atividade foi conduzida pela Adm. Karla Dyane Cruz, profissional com MBA em Marketing, professora Mestre, especialista em Gest\u00e3o P\u00fablica e em Doc\u00eancia na Educa\u00e7\u00e3o Profissional e Tecnol\u00f3gica, consultora de pequenos neg\u00f3cios e coordenadora do curso de Administra\u00e7\u00e3o da FAS.<\/p>\n<p>O encontro, realizado em formato on-line, aconteceu das 19h \u00e0s 20h30 e contou com a participa\u00e7\u00e3o de cerca de 30 pessoas. A condu\u00e7\u00e3o da palestra foi marcada por uma abordagem din\u00e2mica, que proporcionou ampla intera\u00e7\u00e3o entre a instrutora e os participantes, estimulando reflex\u00f5es pr\u00e1ticas sobre a import\u00e2ncia do marketing pessoal como diferencial competitivo na carreira e no mercado.<\/p>\n<p>\u00a0<\/p>\n<button class=\"simplefavorite-button\" data-postid=\"68090\" data-siteid=\"1\" data-groupid=\"1\" data-favoritecount=\"0\" style=\"\">Favorite <i class=\"sf-icon-star-empty\"><\/i><\/button>","protected":false},"excerpt":{"rendered":"<p>O Conselho Regional de Administra\u00e7\u00e3o do Rio Grande do Norte (CRA-RN) realizou, em agosto, mais uma edi\u00e7\u00e3o do projeto Desenvolve ADM, com a palestra \u201cDeu Match! Sua Imagem com o Mercado. Marketing pessoal como posicionamento estrat\u00e9gico.\u201d A atividade foi conduzida pela Adm. Karla Dyane Cruz, profissional com MBA em Marketing, professora Mestre, especialista em Gest\u00e3o<a class=\"read-more\" href=\"https:\/\/crarn.org.br\/?p=68090\"> [&hellip;]<\/a><\/p>\n","protected":false},"author":26,"featured_media":68091,"comment_status":"closed","ping_status":"open","sticky":false,"template":"","format":"standard","meta":{"_price":"","_stock":"","_tribe_ticket_header":"","_tribe_default_ticket_provider":"","_tribe_ticket_capacity":"0","_ticket_start_date":"","_ticket_end_date":"","_tribe_ticket_show_description":"","_tribe_ticket_show_not_going":false,"_tribe_ticket_use_global_stock":"","_tribe_ticket_global_stock_level":"","_global_stock_mode":"","_global_stock_cap":"","_tribe_rsvp_for_event":"","_tribe_ticket_going_count":"","_tribe_ticket_not_going_count":"","_tribe_tickets_list":"[]","_tribe_ticket_has_attendee_info_fields":false,"footnotes":"","_links_to":"","_links_to_target":""},"categories":[585,310,320,399,309],"tags":[],"class_list":["post-68090","post","type-post","status-publish","format-standard","has-post-thumbnail","hentry","category-ano-2025","category-destaque-grande","category-home","category-institucional","category-ultimas-noticias","entry","has-media"],"_links":{"self":[{"href":"https:\/\/crarn.org.br\/index.php?rest_route=\/wp\/v2\/posts\/68090","targetHints":{"allow":["GET"]}}],"collection":[{"href":"https:\/\/crarn.org.br\/index.php?rest_route=\/wp\/v2\/posts"}],"about":[{"href":"https:\/\/crarn.org.br\/index.php?rest_route=\/wp\/v2\/types\/post"}],"author":[{"embeddable":true,"href":"https:\/\/crarn.org.br\/index.php?rest_route=\/wp\/v2\/users\/26"}],"replies":[{"embeddable":true,"href":"https:\/\/crarn.org.br\/index.php?rest_route=%2Fwp%2Fv2%2Fcomments&post=68090"}],"version-history":[{"count":1,"href":"https:\/\/crarn.org.br\/index.php?rest_route=\/wp\/v2\/posts\/68090\/revisions"}],"predecessor-version":[{"id":68092,"href":"https:\/\/crarn.org.br\/index.php?rest_route=\/wp\/v2\/posts\/68090\/revisions\/68092"}],"wp:featuredmedia":[{"embeddable":true,"href":"https:\/\/crarn.org.br\/index.php?rest_route=\/wp\/v2\/media\/68091"}],"wp:attachment":[{"href":"https:\/\/crarn.org.br\/index.php?rest_route=%2Fwp%2Fv2%2Fmedia&parent=68090"}],"wp:term":[{"taxonomy":"category","embeddable":true,"href":"https:\/\/crarn.org.br\/index.php?rest_route=%2Fwp%2Fv2%2Fcategories&post=68090"},{"taxonomy":"post_tag","embeddable":true,"href":"https:\/\/crarn.org.br\/index.php?rest_route=%2Fwp%2Fv2%2Ftags&post=68090"}],"curies":[{"name":"wp","href":"https:\/\/api.w.org\/{rel}","templated":true}]}}