{"id":68081,"date":"2025-08-19T14:53:23","date_gmt":"2025-08-19T17:53:23","guid":{"rendered":"https:\/\/crarn.org.br\/?p=68081"},"modified":"2025-08-19T14:53:23","modified_gmt":"2025-08-19T17:53:23","slug":"comissao-de-avaliacao-do-premio-guerreiro-ramos-define-vencedores","status":"publish","type":"post","link":"https:\/\/crarn.org.br\/?p=68081","title":{"rendered":"Comiss\u00e3o de Avalia\u00e7\u00e3o do Pr\u00eamio Guerreiro Ramos define vencedores"},"content":{"rendered":"\n<p>A Comiss\u00e3o de Avalia\u00e7\u00e3o do Pr\u00eamio CFA Guerreiro Ramos est\u00e1 reunida nesta ter\u00e7a-feira para selecionar os melhores trabalhos inscritos nas categorias Pesquisa Cient\u00edfica e Pr\u00e1ticas Inovadoras.<\/p>\n<p>O conselheiro federal pelo Rio Grande do Norte e diretor de Forma\u00e7\u00e3o e Educa\u00e7\u00e3o do Conselho Federal de Administra\u00e7\u00e3o, Adm. J\u00falio Rezende, integra a comiss\u00e3o respons\u00e1vel pela an\u00e1lise, que deve divulgar os vencedores ainda hoje.<\/p>\n<p>O pr\u00eamio contempla duas modalidades: Pesquisa Cient\u00edfica, voltada a estudantes de gradua\u00e7\u00e3o cadastrados no CRA que tenham desenvolvido trabalhos acad\u00eamicos na \u00e1rea de Administra\u00e7\u00e3o; e Pr\u00e1ticas Inovadoras, destinada a profissionais de Administra\u00e7\u00e3o registrados que tenham coordenado, executado ou implementado iniciativas de destaque na gest\u00e3o p\u00fablica.<\/p>\n<p>Na Edi\u00e7\u00e3o Jubileu de Diamante, o Pr\u00eamio CFA Guerreiro Ramos distribuir\u00e1 R$ 60 mil em premia\u00e7\u00f5es, divididos entre os tr\u00eas primeiros colocados de cada categoria.<\/p>\n<button class=\"simplefavorite-button\" data-postid=\"68081\" data-siteid=\"1\" data-groupid=\"1\" data-favoritecount=\"0\" style=\"\">Favorite <i class=\"sf-icon-star-empty\"><\/i><\/button>","protected":false},"excerpt":{"rendered":"<p>A Comiss\u00e3o de Avalia\u00e7\u00e3o do Pr\u00eamio CFA Guerreiro Ramos est\u00e1 reunida nesta ter\u00e7a-feira para selecionar os melhores trabalhos inscritos nas categorias Pesquisa Cient\u00edfica e Pr\u00e1ticas Inovadoras. O conselheiro federal pelo Rio Grande do Norte e diretor de Forma\u00e7\u00e3o e Educa\u00e7\u00e3o do Conselho Federal de Administra\u00e7\u00e3o, Adm. J\u00falio Rezende, integra a comiss\u00e3o respons\u00e1vel pela an\u00e1lise, que<a class=\"read-more\" href=\"https:\/\/crarn.org.br\/?p=68081\"> [&hellip;]<\/a><\/p>\n","protected":false},"author":26,"featured_media":68082,"comment_status":"closed","ping_status":"open","sticky":false,"template":"","format":"standard","meta":{"_price":"","_stock":"","_tribe_ticket_header":"","_tribe_default_ticket_provider":"","_tribe_ticket_capacity":"0","_ticket_start_date":"","_ticket_end_date":"","_tribe_ticket_show_description":"","_tribe_ticket_show_not_going":false,"_tribe_ticket_use_global_stock":"","_tribe_ticket_global_stock_level":"","_global_stock_mode":"","_global_stock_cap":"","_tribe_rsvp_for_event":"","_tribe_ticket_going_count":"","_tribe_ticket_not_going_count":"","_tribe_tickets_list":"[]","_tribe_ticket_has_attendee_info_fields":false,"footnotes":"","_links_to":"","_links_to_target":""},"categories":[585,312,320,309],"tags":[],"class_list":["post-68081","post","type-post","status-publish","format-standard","has-post-thumbnail","hentry","category-ano-2025","category-destaque-pequeno-inferior","category-home","category-ultimas-noticias","entry","has-media"],"_links":{"self":[{"href":"https:\/\/crarn.org.br\/index.php?rest_route=\/wp\/v2\/posts\/68081","targetHints":{"allow":["GET"]}}],"collection":[{"href":"https:\/\/crarn.org.br\/index.php?rest_route=\/wp\/v2\/posts"}],"about":[{"href":"https:\/\/crarn.org.br\/index.php?rest_route=\/wp\/v2\/types\/post"}],"author":[{"embeddable":true,"href":"https:\/\/crarn.org.br\/index.php?rest_route=\/wp\/v2\/users\/26"}],"replies":[{"embeddable":true,"href":"https:\/\/crarn.org.br\/index.php?rest_route=%2Fwp%2Fv2%2Fcomments&post=68081"}],"version-history":[{"count":1,"href":"https:\/\/crarn.org.br\/index.php?rest_route=\/wp\/v2\/posts\/68081\/revisions"}],"predecessor-version":[{"id":68083,"href":"https:\/\/crarn.org.br\/index.php?rest_route=\/wp\/v2\/posts\/68081\/revisions\/68083"}],"wp:featuredmedia":[{"embeddable":true,"href":"https:\/\/crarn.org.br\/index.php?rest_route=\/wp\/v2\/media\/68082"}],"wp:attachment":[{"href":"https:\/\/crarn.org.br\/index.php?rest_route=%2Fwp%2Fv2%2Fmedia&parent=68081"}],"wp:term":[{"taxonomy":"category","embeddable":true,"href":"https:\/\/crarn.org.br\/index.php?rest_route=%2Fwp%2Fv2%2Fcategories&post=68081"},{"taxonomy":"post_tag","embeddable":true,"href":"https:\/\/crarn.org.br\/index.php?rest_route=%2Fwp%2Fv2%2Ftags&post=68081"}],"curies":[{"name":"wp","href":"https:\/\/api.w.org\/{rel}","templated":true}]}}