{"id":68073,"date":"2025-08-18T14:07:02","date_gmt":"2025-08-18T17:07:02","guid":{"rendered":"https:\/\/crarn.org.br\/?p=68073"},"modified":"2025-08-18T14:07:02","modified_gmt":"2025-08-18T17:07:02","slug":"cra-rn-participa-do-9o-encontro-mulheres-que-marcam","status":"publish","type":"post","link":"https:\/\/crarn.org.br\/?p=68073","title":{"rendered":"CRA-RN participa do 9\u00ba Encontro Mulheres que Marcam"},"content":{"rendered":"\n<p>O Conselho Regional de Administra\u00e7\u00e3o do RN, por meio da Comiss\u00e3o ADM Mulher, marcou presen\u00e7a no 9\u00ba Encontro Mulheres que Marcam, realizado no \u00faltimo domingo (17), no Teatro Riachuelo.<\/p>\n<p>Com o tema \u201cO Real Valor da Sua Marca\u201d, o evento reuniu mulheres de diferentes \u00e1reas em um dia de inspira\u00e7\u00e3o, conex\u00f5es e aprendizado estrat\u00e9gico. Representaram o CRA-RN a coordenadora da comiss\u00e3o, Adm. Alice Dantas, a vice-coordenadora, Adm. Simone Rom\u00e3o, a Adm. Silvana Avelar, a conselheira suplente, Adm. Gabiella Saldanha, a servidora Adm. Lidiane Pessoa e mentoradas do Programa de Mentoria.<\/p>\n<p>O evento contou com a participa\u00e7\u00e3o da conselheira suplente, Adm. Katarina Alc\u00e2ntara, que foi uma das palestrantes com a apresenta\u00e7\u00e3o \u201cExpress\u00e3o de marca: como alinhar ser, parecer e aparecer para construir um posicionamento irrefut\u00e1vel\u201d.<\/p>\n<button class=\"simplefavorite-button\" data-postid=\"68073\" data-siteid=\"1\" data-groupid=\"1\" data-favoritecount=\"0\" style=\"\">Favorite <i class=\"sf-icon-star-empty\"><\/i><\/button>","protected":false},"excerpt":{"rendered":"<p>O Conselho Regional de Administra\u00e7\u00e3o do RN, por meio da Comiss\u00e3o ADM Mulher, marcou presen\u00e7a no 9\u00ba Encontro Mulheres que Marcam, realizado no \u00faltimo domingo (17), no Teatro Riachuelo. Com o tema \u201cO Real Valor da Sua Marca\u201d, o evento reuniu mulheres de diferentes \u00e1reas em um dia de inspira\u00e7\u00e3o, conex\u00f5es e aprendizado estrat\u00e9gico. Representaram<a class=\"read-more\" href=\"https:\/\/crarn.org.br\/?p=68073\"> [&hellip;]<\/a><\/p>\n","protected":false},"author":26,"featured_media":68074,"comment_status":"closed","ping_status":"open","sticky":false,"template":"","format":"standard","meta":{"_price":"","_stock":"","_tribe_ticket_header":"","_tribe_default_ticket_provider":"","_tribe_ticket_capacity":"0","_ticket_start_date":"","_ticket_end_date":"","_tribe_ticket_show_description":"","_tribe_ticket_show_not_going":false,"_tribe_ticket_use_global_stock":"","_tribe_ticket_global_stock_level":"","_global_stock_mode":"","_global_stock_cap":"","_tribe_rsvp_for_event":"","_tribe_ticket_going_count":"","_tribe_ticket_not_going_count":"","_tribe_tickets_list":"[]","_tribe_ticket_has_attendee_info_fields":false,"footnotes":"","_links_to":"","_links_to_target":""},"categories":[585,312,320,309],"tags":[],"class_list":["post-68073","post","type-post","status-publish","format-standard","has-post-thumbnail","hentry","category-ano-2025","category-destaque-pequeno-inferior","category-home","category-ultimas-noticias","entry","has-media"],"_links":{"self":[{"href":"https:\/\/crarn.org.br\/index.php?rest_route=\/wp\/v2\/posts\/68073","targetHints":{"allow":["GET"]}}],"collection":[{"href":"https:\/\/crarn.org.br\/index.php?rest_route=\/wp\/v2\/posts"}],"about":[{"href":"https:\/\/crarn.org.br\/index.php?rest_route=\/wp\/v2\/types\/post"}],"author":[{"embeddable":true,"href":"https:\/\/crarn.org.br\/index.php?rest_route=\/wp\/v2\/users\/26"}],"replies":[{"embeddable":true,"href":"https:\/\/crarn.org.br\/index.php?rest_route=%2Fwp%2Fv2%2Fcomments&post=68073"}],"version-history":[{"count":1,"href":"https:\/\/crarn.org.br\/index.php?rest_route=\/wp\/v2\/posts\/68073\/revisions"}],"predecessor-version":[{"id":68075,"href":"https:\/\/crarn.org.br\/index.php?rest_route=\/wp\/v2\/posts\/68073\/revisions\/68075"}],"wp:featuredmedia":[{"embeddable":true,"href":"https:\/\/crarn.org.br\/index.php?rest_route=\/wp\/v2\/media\/68074"}],"wp:attachment":[{"href":"https:\/\/crarn.org.br\/index.php?rest_route=%2Fwp%2Fv2%2Fmedia&parent=68073"}],"wp:term":[{"taxonomy":"category","embeddable":true,"href":"https:\/\/crarn.org.br\/index.php?rest_route=%2Fwp%2Fv2%2Fcategories&post=68073"},{"taxonomy":"post_tag","embeddable":true,"href":"https:\/\/crarn.org.br\/index.php?rest_route=%2Fwp%2Fv2%2Ftags&post=68073"}],"curies":[{"name":"wp","href":"https:\/\/api.w.org\/{rel}","templated":true}]}}