{"id":68066,"date":"2025-08-12T14:53:42","date_gmt":"2025-08-12T17:53:42","guid":{"rendered":"https:\/\/crarn.org.br\/?p=68066"},"modified":"2025-08-12T14:53:42","modified_gmt":"2025-08-12T17:53:42","slug":"1o-forum-de-administracao-de-condominios-do-sistema-cfa-cras-fortalece-a-profissionalizacao-da-gestao-condominial-no-brasil","status":"publish","type":"post","link":"https:\/\/crarn.org.br\/?p=68066","title":{"rendered":"1\u00ba F\u00f3rum de Administra\u00e7\u00e3o de Condom\u00ednios do Sistema CFA\/CRAs fortalece a profissionaliza\u00e7\u00e3o da gest\u00e3o condominial no Brasil"},"content":{"rendered":"\n<p>O Conselho Federal de Administra\u00e7\u00e3o (CFA) realizar\u00e1, no dia 27 de agosto, o 1\u00ba F\u00f3rum de Administra\u00e7\u00e3o de Condom\u00ednios do Sistema CFA\/CRAs. O evento, que ocorrer\u00e1 em formato h\u00edbrido \u2013 presencial na sede do CFA, em Bras\u00edlia, e com transmiss\u00e3o ao vivo pelo canal CFAPlay, no Youtube \u2013, \u00e9 uma iniciativa pioneira que marca um importante passo rumo \u00e0 valoriza\u00e7\u00e3o, desenvolvimento e profissionaliza\u00e7\u00e3o da Administra\u00e7\u00e3o Condominial no pa\u00eds.<\/p>\n<p>Promovido pela Comiss\u00e3o Especial de Administra\u00e7\u00e3o de Condom\u00ednios do CFA (CEAC), o F\u00f3rum tem como objetivo principal apresentar aos profissionais de Administra\u00e7\u00e3o e \u00e0 sociedade civil as a\u00e7\u00f5es do Sistema CFA\/CRAs voltadas \u00e0 qualifica\u00e7\u00e3o da gest\u00e3o condominial. A proposta \u00e9 estabelecer diretrizes que promovam a excel\u00eancia t\u00e9cnica na atua\u00e7\u00e3o dos profissionais da Administra\u00e7\u00e3o nesse setor estrat\u00e9gico e em constante crescimento.<\/p>\n<p>Segundo o coordenador da CEAC\/CFA, Adm. In\u00e1cio Guedes, o que motivou a cria\u00e7\u00e3o do evento foi a atua\u00e7\u00e3o profissional na administra\u00e7\u00e3o de condom\u00ednios, atua\u00e7\u00e3o essa que compete aos administradores e tecn\u00f3logos que t\u00eam essa expertise.<br \/><br \/>\u201cA Resolu\u00e7\u00e3o Normativa CFA n\u00ba 664, de 2025, trouxe muito claro isso e isso incomodou bastante outros segmentos que atuavam e atuam na \u00e1rea, atuando ilegalmente. Ent\u00e3o, n\u00f3s resolvemos fazer esse evento para nivelar as informa\u00e7\u00f5es propagar que esse \u00e9 um campo privativo da administra\u00e7\u00e3o. Por isso que n\u00f3s trouxemos a\u00ed esse evento j\u00e1 como um preparativo de uma grande campanha que vamos desenvolver em breve.\u201d, revelou.<br \/><br \/>Para a administradora e vice coordenadora da CEAC\/CFA, Rosely Schwartz, primeiro F\u00f3rum de Administra\u00e7\u00e3o de Condom\u00ednios ser\u00e1 um divisor de \u00e1guas.<\/p>\n<blockquote>\n<p>\u201cSer\u00e1 muito importante para a \u00e1rea condominial, dado que ir\u00e1 mostrar algumas algumas a\u00e7\u00f5es que est\u00e3o sendo adotadas pelo sistema CFA\/CRAs, a partir do trabalho do CEAC, que possui entre os seus objetivos valorizar os bons profissionais que exercem a atividade de Administra\u00e7\u00e3o de Condom\u00ednios e divulgar boas pr\u00e1ticas para a gest\u00e3o. Al\u00e9m, disso busca proteger a sociedade dos maus profissionais. Ser\u00e1 uma honra participar desse marco hist\u00f3rico.\u201d, afirma.<\/p>\n<\/blockquote>\n<p>A programa\u00e7\u00e3o reunir\u00e1 especialistas, lideran\u00e7as do Sistema CFA\/CRAs, gestores condominiais e profissionais do setor para discutir desafios, tend\u00eancias e boas pr\u00e1ticas que impulsionem a efici\u00eancia, transpar\u00eancia e sustentabilidade na gest\u00e3o de condom\u00ednios residenciais e comerciais em todo o pa\u00eds. Al\u00e9m disso, ser\u00e1 um espa\u00e7o para debater pol\u00edticas p\u00fablicas e a import\u00e2ncia da atua\u00e7\u00e3o estrat\u00e9gica dos Administradores na promo\u00e7\u00e3o do desenvolvimento socioecon\u00f4mico nacional, a partir da base condominial.<\/p>\n<p>Um dos destaques do evento ser\u00e1 a divulga\u00e7\u00e3o do Manual das Principais Atividades da Administra\u00e7\u00e3o de Condom\u00ednios, desenvolvido pelo CFA como um instrumento t\u00e9cnico de refer\u00eancia. O material visa orientar os profissionais da \u00e1rea, padronizar boas pr\u00e1ticas, fortalecer a atua\u00e7\u00e3o estrat\u00e9gica do Administrador condominial e oferecer \u00e0 sociedade uma vis\u00e3o clara sobre a import\u00e2ncia da gest\u00e3o profissionalizada nesse segmento.<br \/><br \/>Segundo In\u00e1cio Guedes, ao\u00a0criar um espa\u00e7o para di\u00e1logo, aprendizado e troca de experi\u00eancias, o 1\u00ba F\u00f3rum de Administra\u00e7\u00e3o de Condom\u00ednios refor\u00e7a o compromisso do Sistema CFA\/CRAs com a qualifica\u00e7\u00e3o t\u00e9cnica e a valoriza\u00e7\u00e3o dos profissionais de Administra\u00e7\u00e3o.<\/p>\n<blockquote>\n<p>\u201cO Administrador \u00e9 pe\u00e7a-chave na gest\u00e3o condominial, garantindo organiza\u00e7\u00e3o, transpar\u00eancia e efici\u00eancia na administra\u00e7\u00e3o dos recursos e na conviv\u00eancia entre os moradores. Por isso, sem d\u00favidas, o evento surge com a miss\u00e3o de refor\u00e7ar e destacar o papel essencial da Administra\u00e7\u00e3o na constru\u00e7\u00e3o de solu\u00e7\u00f5es inovadoras para os desafios da conviv\u00eancia urbana e da sustentabilidade nos ambientes condominiais.\u201d, diz.<br \/><br \/>O 1\u00ba F\u00f3rum de Administra\u00e7\u00e3o de Condom\u00ednios \u00e9 gratuito e as inscri\u00e7\u00f5es podem ser feitas no link:\u00a0<a href=\"https:\/\/cfa.org.br\/admcon2025\/\">https:\/\/cfa.org.br\/admcon2025\/.<\/a><\/p>\n<\/blockquote>\n<p><b><a href=\"https:\/\/cfa.org.br\/wp-content\/uploads\/2025\/08\/Programacao-Forum-Condominios.pdf\">Clique aqui<\/a>\u00a0e confira a programa\u00e7\u00e3o completa.<br \/><br \/><\/b><\/p>\n<p><b>Servi\u00e7o:<\/b><\/p>\n<p><b>Data:<\/b>\u00a027 de agosto de 2025, das 9h \u00e0s 17h.<\/p>\n<p><b>Local:<\/b>\u00a0Conselho Federal de Administra\u00e7\u00e3o \u2013 Bras\u00edlia\/DF<\/p>\n<p><b>Formato:\u00a0<\/b>H\u00edbrido (presencial e on-line)<\/p>\n<p><b>P\u00fablico-alvo:<\/b>\u00a0Profissionais de Administra\u00e7\u00e3o, gestores condominiais, s\u00edndicos, empresas do setor e sociedade em geral<\/p>\n<p><b>Inscri\u00e7\u00f5es:<\/b>\u00a0<a href=\"http:\/\/www.cfa.org.br\/admcon2025\">www.cfa.org.br\/admcon2025<\/a><\/p>\n<p><b><br \/><br \/><\/b>Ana Graciele Gon\u00e7alves<\/p>\n<p>Assessoria de Comunica\u00e7\u00e3o CFA<\/p>\n<button class=\"simplefavorite-button\" data-postid=\"68066\" data-siteid=\"1\" data-groupid=\"1\" data-favoritecount=\"0\" style=\"\">Favorite <i class=\"sf-icon-star-empty\"><\/i><\/button>","protected":false},"excerpt":{"rendered":"<p>O Conselho Federal de Administra\u00e7\u00e3o (CFA) realizar\u00e1, no dia 27 de agosto, o 1\u00ba F\u00f3rum de Administra\u00e7\u00e3o de Condom\u00ednios do Sistema CFA\/CRAs. O evento, que ocorrer\u00e1 em formato h\u00edbrido \u2013 presencial na sede do CFA, em Bras\u00edlia, e com transmiss\u00e3o ao vivo pelo canal CFAPlay, no Youtube \u2013, \u00e9 uma iniciativa pioneira que marca um<a class=\"read-more\" href=\"https:\/\/crarn.org.br\/?p=68066\"> [&hellip;]<\/a><\/p>\n","protected":false},"author":26,"featured_media":68067,"comment_status":"closed","ping_status":"open","sticky":false,"template":"","format":"standard","meta":{"_price":"","_stock":"","_tribe_ticket_header":"","_tribe_default_ticket_provider":"","_tribe_ticket_capacity":"0","_ticket_start_date":"","_ticket_end_date":"","_tribe_ticket_show_description":"","_tribe_ticket_show_not_going":false,"_tribe_ticket_use_global_stock":"","_tribe_ticket_global_stock_level":"","_global_stock_mode":"","_global_stock_cap":"","_tribe_rsvp_for_event":"","_tribe_ticket_going_count":"","_tribe_ticket_not_going_count":"","_tribe_tickets_list":"[]","_tribe_ticket_has_attendee_info_fields":false,"footnotes":"","_links_to":"","_links_to_target":""},"categories":[585,426,312,320,399,309],"tags":[],"class_list":["post-68066","post","type-post","status-publish","format-standard","has-post-thumbnail","hentry","category-ano-2025","category-cfa","category-destaque-pequeno-inferior","category-home","category-institucional","category-ultimas-noticias","entry","has-media"],"_links":{"self":[{"href":"https:\/\/crarn.org.br\/index.php?rest_route=\/wp\/v2\/posts\/68066","targetHints":{"allow":["GET"]}}],"collection":[{"href":"https:\/\/crarn.org.br\/index.php?rest_route=\/wp\/v2\/posts"}],"about":[{"href":"https:\/\/crarn.org.br\/index.php?rest_route=\/wp\/v2\/types\/post"}],"author":[{"embeddable":true,"href":"https:\/\/crarn.org.br\/index.php?rest_route=\/wp\/v2\/users\/26"}],"replies":[{"embeddable":true,"href":"https:\/\/crarn.org.br\/index.php?rest_route=%2Fwp%2Fv2%2Fcomments&post=68066"}],"version-history":[{"count":1,"href":"https:\/\/crarn.org.br\/index.php?rest_route=\/wp\/v2\/posts\/68066\/revisions"}],"predecessor-version":[{"id":68068,"href":"https:\/\/crarn.org.br\/index.php?rest_route=\/wp\/v2\/posts\/68066\/revisions\/68068"}],"wp:featuredmedia":[{"embeddable":true,"href":"https:\/\/crarn.org.br\/index.php?rest_route=\/wp\/v2\/media\/68067"}],"wp:attachment":[{"href":"https:\/\/crarn.org.br\/index.php?rest_route=%2Fwp%2Fv2%2Fmedia&parent=68066"}],"wp:term":[{"taxonomy":"category","embeddable":true,"href":"https:\/\/crarn.org.br\/index.php?rest_route=%2Fwp%2Fv2%2Fcategories&post=68066"},{"taxonomy":"post_tag","embeddable":true,"href":"https:\/\/crarn.org.br\/index.php?rest_route=%2Fwp%2Fv2%2Ftags&post=68066"}],"curies":[{"name":"wp","href":"https:\/\/api.w.org\/{rel}","templated":true}]}}