{"id":68051,"date":"2025-08-06T15:14:49","date_gmt":"2025-08-06T18:14:49","guid":{"rendered":"https:\/\/crarn.org.br\/?p=68051"},"modified":"2025-08-06T15:14:49","modified_gmt":"2025-08-06T18:14:49","slug":"o-marketing-pessoal-como-diferencial-estrategico-na-carreira","status":"publish","type":"post","link":"https:\/\/crarn.org.br\/?p=68051","title":{"rendered":"O marketing pessoal como diferencial estrat\u00e9gico na carreira"},"content":{"rendered":"\n<p>Posicionar-se bem no mercado come\u00e7a pela forma como voc\u00ea se apresenta ao mundo. Pensando nisso, o pr\u00f3ximo evento do Desenvolve ADM traz o tema: <em>\u201cDeu Match! Sua Imagem com o Mercado. Marketing pessoal como posicionamento estrat\u00e9gico.\u201d<\/em><\/p>\n<p>A palestra ser\u00e1 conduzida pela Adm. Karla Dyane Cruz, MBA em Marketing, professora Mestre, especialista em Gest\u00e3o P\u00fablica e em Doc\u00eancia na Educa\u00e7\u00e3o Profissional e Tecnol\u00f3gica, consultora de pequenos neg\u00f3cios e coordenadora do curso de Administra\u00e7\u00e3o da FAS.<\/p>\n<p><strong>Data:<\/strong> 19 de agosto<br \/><strong>Hor\u00e1rio:<\/strong> das 19h \u00e0s 20h30<br \/><strong>Modalidade:<\/strong> Online<\/p>\n<p>O evento \u00e9 gratuito para estudantes e profissionais registrados no CRA-RN.<br \/>Outros interessados: R$ 40,00<\/p>\n<p>Fa\u00e7a sua inscri\u00e7\u00e3o: <a href=\"https:\/\/x.gd\/Gi77T\">https:\/\/x.gd\/Gi77T<\/a><\/p>\n<p>\u00a0<\/p>\n<button class=\"simplefavorite-button\" data-postid=\"68051\" data-siteid=\"1\" data-groupid=\"1\" data-favoritecount=\"0\" style=\"\">Favorite <i class=\"sf-icon-star-empty\"><\/i><\/button>","protected":false},"excerpt":{"rendered":"<p>Posicionar-se bem no mercado come\u00e7a pela forma como voc\u00ea se apresenta ao mundo. Pensando nisso, o pr\u00f3ximo evento do Desenvolve ADM traz o tema: \u201cDeu Match! Sua Imagem com o Mercado. Marketing pessoal como posicionamento estrat\u00e9gico.\u201d A palestra ser\u00e1 conduzida pela Adm. Karla Dyane Cruz, MBA em Marketing, professora Mestre, especialista em Gest\u00e3o P\u00fablica e<a class=\"read-more\" href=\"https:\/\/crarn.org.br\/?p=68051\"> [&hellip;]<\/a><\/p>\n","protected":false},"author":26,"featured_media":68052,"comment_status":"closed","ping_status":"open","sticky":false,"template":"","format":"standard","meta":{"_price":"","_stock":"","_tribe_ticket_header":"","_tribe_default_ticket_provider":"","_tribe_ticket_capacity":"0","_ticket_start_date":"","_ticket_end_date":"","_tribe_ticket_show_description":"","_tribe_ticket_show_not_going":false,"_tribe_ticket_use_global_stock":"","_tribe_ticket_global_stock_level":"","_global_stock_mode":"","_global_stock_cap":"","_tribe_rsvp_for_event":"","_tribe_ticket_going_count":"","_tribe_ticket_not_going_count":"","_tribe_tickets_list":"[]","_tribe_ticket_has_attendee_info_fields":false,"footnotes":"","_links_to":"","_links_to_target":""},"categories":[585,310,320,399,309],"tags":[],"class_list":["post-68051","post","type-post","status-publish","format-standard","has-post-thumbnail","hentry","category-ano-2025","category-destaque-grande","category-home","category-institucional","category-ultimas-noticias","entry","has-media"],"_links":{"self":[{"href":"https:\/\/crarn.org.br\/index.php?rest_route=\/wp\/v2\/posts\/68051","targetHints":{"allow":["GET"]}}],"collection":[{"href":"https:\/\/crarn.org.br\/index.php?rest_route=\/wp\/v2\/posts"}],"about":[{"href":"https:\/\/crarn.org.br\/index.php?rest_route=\/wp\/v2\/types\/post"}],"author":[{"embeddable":true,"href":"https:\/\/crarn.org.br\/index.php?rest_route=\/wp\/v2\/users\/26"}],"replies":[{"embeddable":true,"href":"https:\/\/crarn.org.br\/index.php?rest_route=%2Fwp%2Fv2%2Fcomments&post=68051"}],"version-history":[{"count":2,"href":"https:\/\/crarn.org.br\/index.php?rest_route=\/wp\/v2\/posts\/68051\/revisions"}],"predecessor-version":[{"id":68054,"href":"https:\/\/crarn.org.br\/index.php?rest_route=\/wp\/v2\/posts\/68051\/revisions\/68054"}],"wp:featuredmedia":[{"embeddable":true,"href":"https:\/\/crarn.org.br\/index.php?rest_route=\/wp\/v2\/media\/68052"}],"wp:attachment":[{"href":"https:\/\/crarn.org.br\/index.php?rest_route=%2Fwp%2Fv2%2Fmedia&parent=68051"}],"wp:term":[{"taxonomy":"category","embeddable":true,"href":"https:\/\/crarn.org.br\/index.php?rest_route=%2Fwp%2Fv2%2Fcategories&post=68051"},{"taxonomy":"post_tag","embeddable":true,"href":"https:\/\/crarn.org.br\/index.php?rest_route=%2Fwp%2Fv2%2Ftags&post=68051"}],"curies":[{"name":"wp","href":"https:\/\/api.w.org\/{rel}","templated":true}]}}