{"id":68028,"date":"2025-07-18T11:30:58","date_gmt":"2025-07-18T14:30:58","guid":{"rendered":"https:\/\/crarn.org.br\/?p=68028"},"modified":"2025-07-23T15:13:29","modified_gmt":"2025-07-23T18:13:29","slug":"plenaria-do-cra-rn-destaca-avancos-na-gestao-e-novos-projetos-para-a-administracao","status":"publish","type":"post","link":"https:\/\/crarn.org.br\/?p=68028","title":{"rendered":"Plen\u00e1ria do CRA-RN destaca avan\u00e7os na gest\u00e3o e novos projetos para a Administra\u00e7\u00e3o"},"content":{"rendered":"\n<p>O Conselho Regional de Administra\u00e7\u00e3o do Rio Grande do Norte (CRA-RN) realizou, nesta sexta-feira (18\/07), mais uma reuni\u00e3o plen\u00e1ria, conduzida pelo presidente Adm. Fl\u00e1vio Em\u00edlio Cavalcanti. A pauta trouxe importantes delibera\u00e7\u00f5es e atualiza\u00e7\u00f5es sobre as a\u00e7\u00f5es estrat\u00e9gicas do Conselho.<\/p>\n<p>Na abertura, o presidente deu boas-vindas aos conselheiros e destacou o compromisso da gest\u00e3o com a valoriza\u00e7\u00e3o da profiss\u00e3o e a efici\u00eancia na condu\u00e7\u00e3o das atividades institucionais.<\/p>\n<p>A reuni\u00e3o contou ainda com a participa\u00e7\u00e3o do vice-presidente, Adm. Cl\u00e1udio Henrique Bessa de Menezes; das diretoras Adm. C\u00e9lia Ribeiro (Administrativa e Financeira) e Adm. Kate Maciel (Fiscaliza\u00e7\u00e3o e Registro Profissional); do diretor de Projetos, Adm. Leonardo Lima; al\u00e9m dos conselheiros efetivos, Adm. Maria das Neves Maia, Adm. Sandro Pacheco e Adm. L\u00edgia Rebou\u00e7as (de forma remota); e das conselheiras suplentes Adm. Simone Rom\u00e3o e Adm. Katarina Alc\u00e2ntara.<\/p>\n<p>Entre os principais pontos da Presid\u00eancia, foram debatidos: o planejamento do Evento de Gest\u00e3o P\u00fablica, previsto para o segundo semestre; loca\u00e7\u00e3o de im\u00f3vel durante a reforma; aprova\u00e7\u00e3o da Pol\u00edtica de Privacidade, de Cookies e o Termo de Uso do site institucional e indica\u00e7\u00e3o de nomes para compor a nova Comiss\u00e3o de Gest\u00e3o em Sa\u00fade.<\/p>\n<p>Na vez da vice-presid\u00eancia, os destaques foram o andamento das a\u00e7\u00f5es do PRODER (Programa de Desenvolvimento dos Conselhos Regionais e atualiza\u00e7\u00f5es sobre processo \u00e9tico-disciplinar em tramita\u00e7\u00e3o.<\/p>\n<p>As diretorias tamb\u00e9m apresentaram relat\u00f3rios detalhados:<\/p>\n<ul>\n<li>A Diretoria Administrativa e Financeira trouxe dados sobre receitas e despesas, posi\u00e7\u00e3o or\u00e7ament\u00e1ria de junho\/2025, balancetes aprovados, andamento da execu\u00e7\u00e3o fiscal e os resultados da auditoria 2024 realizada pelo CFA.<\/li>\n<li>A Diretoria de Fiscaliza\u00e7\u00e3o e Registro apresentou os avan\u00e7os do projeto Fiscaliza\u00e7\u00e3o em A\u00e7\u00e3o, resultados das visitas t\u00e9cnicas a munic\u00edpios como Cel. Jo\u00e3o Pessoa, Cara\u00fabas, Riachuelo e Pau dos Ferros, al\u00e9m da programa\u00e7\u00e3o de novas a\u00e7\u00f5es em agosto. Destacou-se tamb\u00e9m a implementa\u00e7\u00e3o da Lei Complementar em Cerro Cor\u00e1, a pesquisa de satisfa\u00e7\u00e3o com a Governan\u00e7a Municipal, al\u00e9m de vit\u00f3rias jur\u00eddicas como o agravo de instrumento favor\u00e1vel ao CRA-RN.<\/li>\n<li>A Diretoria de Forma\u00e7\u00e3o Profissional destacou a organiza\u00e7\u00e3o do 10\u00ba EPROCAD, os encontros do Desenvolve ADM e a nova edi\u00e7\u00e3o do Programa de Mentorias ADM Mulher.<\/li>\n<li>J\u00e1 a Diretoria de Projetos apresentou os preparativos para as comemora\u00e7\u00f5es do Jubileu de Diamante.<\/li>\n<\/ul>\n<p>O CRA-RN segue atuante e comprometido com o fortalecimento da Administra\u00e7\u00e3o no estado, com foco na transpar\u00eancia, moderniza\u00e7\u00e3o e valoriza\u00e7\u00e3o dos profissionais registrados.<\/p>\n<button class=\"simplefavorite-button\" data-postid=\"68028\" data-siteid=\"1\" data-groupid=\"1\" data-favoritecount=\"0\" style=\"\">Favorite <i class=\"sf-icon-star-empty\"><\/i><\/button>","protected":false},"excerpt":{"rendered":"<p>O Conselho Regional de Administra\u00e7\u00e3o do Rio Grande do Norte (CRA-RN) realizou, nesta sexta-feira (18\/07), mais uma reuni\u00e3o plen\u00e1ria, conduzida pelo presidente Adm. Fl\u00e1vio Em\u00edlio Cavalcanti. A pauta trouxe importantes delibera\u00e7\u00f5es e atualiza\u00e7\u00f5es sobre as a\u00e7\u00f5es estrat\u00e9gicas do Conselho. Na abertura, o presidente deu boas-vindas aos conselheiros e destacou o compromisso da gest\u00e3o com a<a class=\"read-more\" href=\"https:\/\/crarn.org.br\/?p=68028\"> [&hellip;]<\/a><\/p>\n","protected":false},"author":26,"featured_media":68031,"comment_status":"closed","ping_status":"open","sticky":false,"template":"","format":"standard","meta":{"_price":"","_stock":"","_tribe_ticket_header":"","_tribe_default_ticket_provider":"","_tribe_ticket_capacity":"0","_ticket_start_date":"","_ticket_end_date":"","_tribe_ticket_show_description":"","_tribe_ticket_show_not_going":false,"_tribe_ticket_use_global_stock":"","_tribe_ticket_global_stock_level":"","_global_stock_mode":"","_global_stock_cap":"","_tribe_rsvp_for_event":"","_tribe_ticket_going_count":"","_tribe_ticket_not_going_count":"","_tribe_tickets_list":"[]","_tribe_ticket_has_attendee_info_fields":false,"footnotes":"","_links_to":"","_links_to_target":""},"categories":[585,312,320,399,309],"tags":[],"class_list":["post-68028","post","type-post","status-publish","format-standard","has-post-thumbnail","hentry","category-ano-2025","category-destaque-pequeno-inferior","category-home","category-institucional","category-ultimas-noticias","entry","has-media"],"_links":{"self":[{"href":"https:\/\/crarn.org.br\/index.php?rest_route=\/wp\/v2\/posts\/68028","targetHints":{"allow":["GET"]}}],"collection":[{"href":"https:\/\/crarn.org.br\/index.php?rest_route=\/wp\/v2\/posts"}],"about":[{"href":"https:\/\/crarn.org.br\/index.php?rest_route=\/wp\/v2\/types\/post"}],"author":[{"embeddable":true,"href":"https:\/\/crarn.org.br\/index.php?rest_route=\/wp\/v2\/users\/26"}],"replies":[{"embeddable":true,"href":"https:\/\/crarn.org.br\/index.php?rest_route=%2Fwp%2Fv2%2Fcomments&post=68028"}],"version-history":[{"count":1,"href":"https:\/\/crarn.org.br\/index.php?rest_route=\/wp\/v2\/posts\/68028\/revisions"}],"predecessor-version":[{"id":68030,"href":"https:\/\/crarn.org.br\/index.php?rest_route=\/wp\/v2\/posts\/68028\/revisions\/68030"}],"wp:featuredmedia":[{"embeddable":true,"href":"https:\/\/crarn.org.br\/index.php?rest_route=\/wp\/v2\/media\/68031"}],"wp:attachment":[{"href":"https:\/\/crarn.org.br\/index.php?rest_route=%2Fwp%2Fv2%2Fmedia&parent=68028"}],"wp:term":[{"taxonomy":"category","embeddable":true,"href":"https:\/\/crarn.org.br\/index.php?rest_route=%2Fwp%2Fv2%2Fcategories&post=68028"},{"taxonomy":"post_tag","embeddable":true,"href":"https:\/\/crarn.org.br\/index.php?rest_route=%2Fwp%2Fv2%2Ftags&post=68028"}],"curies":[{"name":"wp","href":"https:\/\/api.w.org\/{rel}","templated":true}]}}