{"id":67998,"date":"2025-06-28T00:22:52","date_gmt":"2025-06-28T03:22:52","guid":{"rendered":"https:\/\/crarn.org.br\/?p=67998"},"modified":"2025-06-28T00:22:52","modified_gmt":"2025-06-28T03:22:52","slug":"divulgada-a-lista-de-aprovados-no-programa-de-mentorias-da-comissao-adm-mulher","status":"publish","type":"post","link":"https:\/\/crarn.org.br\/?p=67998","title":{"rendered":"Divulgada a lista de aprovados no Programa de Mentorias da Comiss\u00e3o ADM Mulher."},"content":{"rendered":"\n<h3 style=\"text-align: justify;\">O Conselho Regional de Administra\u00e7\u00e3o do Rio Grande do Norte (CRA-RN), por meio da Comiss\u00e3o ADM Mulher, torna p\u00fablica a lista de aprovados no Programa de Mentorias 2025.<br \/><br \/>A iniciativa, voltada a profissionais e estudantes da \u00e1rea da administra\u00e7\u00e3o, tem como objetivo o\u00a0desenvolvimento pessoal e profissional atrav\u00e9s de aprendizado conjunto, forma\u00e7\u00e3o e conex\u00f5es estrat\u00e9gicas.\u00a0<br \/><br \/>O CRA-RN parabeniza os selecionados e agradece a todos os inscritos pela participa\u00e7\u00e3o.<br \/><br \/>Confira os nomes dos selecionados, por tema da mentoria:<\/h3>\n<p><img decoding=\"async\" src=\"https:\/\/crarn.org.br\/wp-content\/uploads\/2025\/06\/WhatsApp-Image-2025-06-27-at-18.08.14-1.jpeg\" \/><\/p>\n\n\n\n\n\n\n\n\n\n\n\n\n\n\n<button class=\"simplefavorite-button\" data-postid=\"67998\" data-siteid=\"1\" data-groupid=\"1\" data-favoritecount=\"0\" style=\"\">Favorite <i class=\"sf-icon-star-empty\"><\/i><\/button>","protected":false},"excerpt":{"rendered":"<p>O Conselho Regional de Administra\u00e7\u00e3o do Rio Grande do Norte (CRA-RN), por meio da Comiss\u00e3o ADM Mulher, torna p\u00fablica a lista de aprovados no Programa de Mentorias 2025. A iniciativa, voltada a profissionais e estudantes da \u00e1rea da administra\u00e7\u00e3o, tem como objetivo o\u00a0desenvolvimento pessoal e profissional atrav\u00e9s de aprendizado conjunto, forma\u00e7\u00e3o e conex\u00f5es estrat\u00e9gicas.\u00a0 O<a class=\"read-more\" href=\"https:\/\/crarn.org.br\/?p=67998\"> [&hellip;]<\/a><\/p>\n","protected":false},"author":26,"featured_media":68002,"comment_status":"closed","ping_status":"open","sticky":false,"template":"","format":"standard","meta":{"_price":"","_stock":"","_tribe_ticket_header":"","_tribe_default_ticket_provider":"","_tribe_ticket_capacity":"0","_ticket_start_date":"","_ticket_end_date":"","_tribe_ticket_show_description":"","_tribe_ticket_show_not_going":false,"_tribe_ticket_use_global_stock":"","_tribe_ticket_global_stock_level":"","_global_stock_mode":"","_global_stock_cap":"","_tribe_rsvp_for_event":"","_tribe_ticket_going_count":"","_tribe_ticket_not_going_count":"","_tribe_tickets_list":"[]","_tribe_ticket_has_attendee_info_fields":false,"footnotes":"","_links_to":"","_links_to_target":""},"categories":[1],"tags":[],"class_list":["post-67998","post","type-post","status-publish","format-standard","has-post-thumbnail","hentry","category-sem-categoria","entry","has-media"],"_links":{"self":[{"href":"https:\/\/crarn.org.br\/index.php?rest_route=\/wp\/v2\/posts\/67998","targetHints":{"allow":["GET"]}}],"collection":[{"href":"https:\/\/crarn.org.br\/index.php?rest_route=\/wp\/v2\/posts"}],"about":[{"href":"https:\/\/crarn.org.br\/index.php?rest_route=\/wp\/v2\/types\/post"}],"author":[{"embeddable":true,"href":"https:\/\/crarn.org.br\/index.php?rest_route=\/wp\/v2\/users\/26"}],"replies":[{"embeddable":true,"href":"https:\/\/crarn.org.br\/index.php?rest_route=%2Fwp%2Fv2%2Fcomments&post=67998"}],"version-history":[{"count":4,"href":"https:\/\/crarn.org.br\/index.php?rest_route=\/wp\/v2\/posts\/67998\/revisions"}],"predecessor-version":[{"id":68004,"href":"https:\/\/crarn.org.br\/index.php?rest_route=\/wp\/v2\/posts\/67998\/revisions\/68004"}],"wp:featuredmedia":[{"embeddable":true,"href":"https:\/\/crarn.org.br\/index.php?rest_route=\/wp\/v2\/media\/68002"}],"wp:attachment":[{"href":"https:\/\/crarn.org.br\/index.php?rest_route=%2Fwp%2Fv2%2Fmedia&parent=67998"}],"wp:term":[{"taxonomy":"category","embeddable":true,"href":"https:\/\/crarn.org.br\/index.php?rest_route=%2Fwp%2Fv2%2Fcategories&post=67998"},{"taxonomy":"post_tag","embeddable":true,"href":"https:\/\/crarn.org.br\/index.php?rest_route=%2Fwp%2Fv2%2Ftags&post=67998"}],"curies":[{"name":"wp","href":"https:\/\/api.w.org\/{rel}","templated":true}]}}