{"id":67987,"date":"2025-06-18T16:25:56","date_gmt":"2025-06-18T19:25:56","guid":{"rendered":"https:\/\/crarn.org.br\/?p=67987"},"modified":"2025-06-18T16:25:56","modified_gmt":"2025-06-18T19:25:56","slug":"ultima-chamada-para-a-mentoria-cra-rn-2025-garanta-sua-vaga","status":"publish","type":"post","link":"https:\/\/crarn.org.br\/?p=67987","title":{"rendered":"\u00daltima chamada para a Mentoria CRA-RN 2025! Garanta sua vaga!"},"content":{"rendered":"\n\n\n<p>As inscri\u00e7\u00f5es foram prorrogadas . Ainda d\u00e1 tempo de participar do Programa de Mentorias 2025 da Comiss\u00e3o ADM Mulher do CRA-RN e dar um salto na sua carreira!\u00a0 S\u00e3o 20 vagas gratuitas e online, com conte\u00fados exclusivos sobre planejamento estrat\u00e9gico, lideran\u00e7a, finan\u00e7as pessoais e gest\u00e3o de carreira, tudo com o acompanhamento de mentoras experientes.<\/p>\n<p>Exclusivo para profissionais e estudantes de Administra\u00e7\u00e3o registrados e adimplentes no CRA-RN.<\/p>\n<p>Inscri\u00e7\u00f5es at\u00e9 domingo, 22 de junho!<\/p>\n<p>Garanta sua vaga agora: <a href=\"https:\/\/x.gd\/GmyX8\">https:\/\/x.gd\/GmyX8<\/a><\/p>\n<p>Confira o edital completo: <a href=\"https:\/\/x.gd\/LjnGa\">https:\/\/x.gd\/LjnGa<\/a><\/p>\n<button class=\"simplefavorite-button\" data-postid=\"67987\" data-siteid=\"1\" data-groupid=\"1\" data-favoritecount=\"0\" style=\"\">Favorite <i class=\"sf-icon-star-empty\"><\/i><\/button>","protected":false},"excerpt":{"rendered":"<p>As inscri\u00e7\u00f5es foram prorrogadas . Ainda d\u00e1 tempo de participar do Programa de Mentorias 2025 da Comiss\u00e3o ADM Mulher do CRA-RN e dar um salto na sua carreira!\u00a0 S\u00e3o 20 vagas gratuitas e online, com conte\u00fados exclusivos sobre planejamento estrat\u00e9gico, lideran\u00e7a, finan\u00e7as pessoais e gest\u00e3o de carreira, tudo com o acompanhamento de mentoras experientes. Exclusivo<a class=\"read-more\" href=\"https:\/\/crarn.org.br\/?p=67987\"> [&hellip;]<\/a><\/p>\n","protected":false},"author":26,"featured_media":67988,"comment_status":"closed","ping_status":"open","sticky":false,"template":"","format":"standard","meta":{"_price":"","_stock":"","_tribe_ticket_header":"","_tribe_default_ticket_provider":"","_tribe_ticket_capacity":"0","_ticket_start_date":"","_ticket_end_date":"","_tribe_ticket_show_description":"","_tribe_ticket_show_not_going":false,"_tribe_ticket_use_global_stock":"","_tribe_ticket_global_stock_level":"","_global_stock_mode":"","_global_stock_cap":"","_tribe_rsvp_for_event":"","_tribe_ticket_going_count":"","_tribe_ticket_not_going_count":"","_tribe_tickets_list":"[]","_tribe_ticket_has_attendee_info_fields":false,"footnotes":"","_links_to":"","_links_to_target":""},"categories":[585,310,320,399,309],"tags":[],"class_list":["post-67987","post","type-post","status-publish","format-standard","has-post-thumbnail","hentry","category-ano-2025","category-destaque-grande","category-home","category-institucional","category-ultimas-noticias","entry","has-media"],"_links":{"self":[{"href":"https:\/\/crarn.org.br\/index.php?rest_route=\/wp\/v2\/posts\/67987","targetHints":{"allow":["GET"]}}],"collection":[{"href":"https:\/\/crarn.org.br\/index.php?rest_route=\/wp\/v2\/posts"}],"about":[{"href":"https:\/\/crarn.org.br\/index.php?rest_route=\/wp\/v2\/types\/post"}],"author":[{"embeddable":true,"href":"https:\/\/crarn.org.br\/index.php?rest_route=\/wp\/v2\/users\/26"}],"replies":[{"embeddable":true,"href":"https:\/\/crarn.org.br\/index.php?rest_route=%2Fwp%2Fv2%2Fcomments&post=67987"}],"version-history":[{"count":1,"href":"https:\/\/crarn.org.br\/index.php?rest_route=\/wp\/v2\/posts\/67987\/revisions"}],"predecessor-version":[{"id":67989,"href":"https:\/\/crarn.org.br\/index.php?rest_route=\/wp\/v2\/posts\/67987\/revisions\/67989"}],"wp:featuredmedia":[{"embeddable":true,"href":"https:\/\/crarn.org.br\/index.php?rest_route=\/wp\/v2\/media\/67988"}],"wp:attachment":[{"href":"https:\/\/crarn.org.br\/index.php?rest_route=%2Fwp%2Fv2%2Fmedia&parent=67987"}],"wp:term":[{"taxonomy":"category","embeddable":true,"href":"https:\/\/crarn.org.br\/index.php?rest_route=%2Fwp%2Fv2%2Fcategories&post=67987"},{"taxonomy":"post_tag","embeddable":true,"href":"https:\/\/crarn.org.br\/index.php?rest_route=%2Fwp%2Fv2%2Ftags&post=67987"}],"curies":[{"name":"wp","href":"https:\/\/api.w.org\/{rel}","templated":true}]}}