{"id":67979,"date":"2025-06-17T12:52:14","date_gmt":"2025-06-17T15:52:14","guid":{"rendered":"https:\/\/crarn.org.br\/?p=67979"},"modified":"2025-06-17T12:52:15","modified_gmt":"2025-06-17T15:52:15","slug":"cra-rn-realiza-reuniao-plenaria-de-junho-com-foco-em-projetos-institucionais","status":"publish","type":"post","link":"https:\/\/crarn.org.br\/?p=67979","title":{"rendered":"CRA-RN realiza reuni\u00e3o plen\u00e1ria de junho com foco em projetos institucionais"},"content":{"rendered":"\n<p>O Conselho Regional de Administra\u00e7\u00e3o do Rio Grande do Norte (CRA-RN) realizou, nesta segunda-feira (16\/06), a reuni\u00e3o plen\u00e1ria do m\u00eas de junho. A sess\u00e3o foi conduzida pelo presidente da autarquia, Adm. Fl\u00e1vio Em\u00edlio Cavalcanti, e contou com a participa\u00e7\u00e3o do vice-presidente, Adm. Cl\u00e1udio Henrique Bessa de Menezes, das diretoras Adm. C\u00e9lia Ribeiro (Administrativa e Financeira), Adm. Kate Maciel (Fiscaliza\u00e7\u00e3o e Registro), Adm. Alice Dantas (Forma\u00e7\u00e3o Profissional), do diretor de Projetos, Adm. Leonardo Lima, al\u00e9m dos conselheiros efetivos Adm. Maria das Neves Maia e Adm. Sandro Pacheco.<\/p>\n<p>Durante a plen\u00e1ria, foram apresentados os encaminhamentos da Diretoria Executiva, com destaque para os informes da Presid\u00eancia sobre a loca\u00e7\u00e3o de im\u00f3veis para a sede em Natal e o escrit\u00f3rio de Mossor\u00f3, convite para participa\u00e7\u00e3o em evento da Elite Consultores e preparativos para o certame de material de divulga\u00e7\u00e3o em comemora\u00e7\u00e3o aos 60 anos da profiss\u00e3o.<\/p>\n<p>A Vice-Presid\u00eancia abordou temas como o Programa de Desenvolvimento dos Conselhos Regionais (PRODER) e andamento de processo \u00e9tico-disciplinar. J\u00e1 a Diretoria Administrativa e Financeira apresentou dados referentes \u00e0 receita e despesa, posi\u00e7\u00e3o financeira de pessoas f\u00edsicas e jur\u00eddicas, aprova\u00e7\u00e3o dos balancetes de maio\/2025, andamento da d\u00edvida ativa, execu\u00e7\u00f5es fiscais e auditoria do CFA referente ao exerc\u00edcio de 2024.<\/p>\n<p>A Diretoria de Fiscaliza\u00e7\u00e3o e Registro destacou o relat\u00f3rio das visitas da equipe ao interior do estado, a parceria institucional com o CRA de Pernambuco para troca de experi\u00eancias, os resultados do curso de Respons\u00e1vel T\u00e9cnico (RT) e a recente a\u00e7\u00e3o de fiscaliza\u00e7\u00e3o na COSERN, que envolveu 93 profissionais com forma\u00e7\u00e3o em Administra\u00e7\u00e3o.<\/p>\n<p>Na \u00e1rea de Forma\u00e7\u00e3o Profissional, foram apresentados os avan\u00e7os do programa Desenvolve ADM, o andamento da Mentoria ADM Mulher e novidades do EPROCAD. A Diretoria de Projetos trouxe informa\u00e7\u00f5es sobre os preparativos da Corrida do Administrador, o evento na Escola de M\u00fasica da UFRN marcado para 12 de setembro e a\u00e7\u00f5es do Jubileu de Diamante.<\/p>\n<p>A reuni\u00e3o foi finalizada com a relatoria de processos.<\/p>\n<p>\u00a0<\/p>\n<button class=\"simplefavorite-button\" data-postid=\"67979\" data-siteid=\"1\" data-groupid=\"1\" data-favoritecount=\"0\" style=\"\">Favorite <i class=\"sf-icon-star-empty\"><\/i><\/button>","protected":false},"excerpt":{"rendered":"<p>O Conselho Regional de Administra\u00e7\u00e3o do Rio Grande do Norte (CRA-RN) realizou, nesta segunda-feira (16\/06), a reuni\u00e3o plen\u00e1ria do m\u00eas de junho. A sess\u00e3o foi conduzida pelo presidente da autarquia, Adm. Fl\u00e1vio Em\u00edlio Cavalcanti, e contou com a participa\u00e7\u00e3o do vice-presidente, Adm. Cl\u00e1udio Henrique Bessa de Menezes, das diretoras Adm. C\u00e9lia Ribeiro (Administrativa e Financeira),<a class=\"read-more\" href=\"https:\/\/crarn.org.br\/?p=67979\"> [&hellip;]<\/a><\/p>\n","protected":false},"author":26,"featured_media":67980,"comment_status":"closed","ping_status":"open","sticky":false,"template":"","format":"standard","meta":{"_price":"","_stock":"","_tribe_ticket_header":"","_tribe_default_ticket_provider":"","_tribe_ticket_capacity":"0","_ticket_start_date":"","_ticket_end_date":"","_tribe_ticket_show_description":"","_tribe_ticket_show_not_going":false,"_tribe_ticket_use_global_stock":"","_tribe_ticket_global_stock_level":"","_global_stock_mode":"","_global_stock_cap":"","_tribe_rsvp_for_event":"","_tribe_ticket_going_count":"","_tribe_ticket_not_going_count":"","_tribe_tickets_list":"[]","_tribe_ticket_has_attendee_info_fields":false,"footnotes":"","_links_to":"","_links_to_target":""},"categories":[585,312,320,309],"tags":[],"class_list":["post-67979","post","type-post","status-publish","format-standard","has-post-thumbnail","hentry","category-ano-2025","category-destaque-pequeno-inferior","category-home","category-ultimas-noticias","entry","has-media"],"_links":{"self":[{"href":"https:\/\/crarn.org.br\/index.php?rest_route=\/wp\/v2\/posts\/67979","targetHints":{"allow":["GET"]}}],"collection":[{"href":"https:\/\/crarn.org.br\/index.php?rest_route=\/wp\/v2\/posts"}],"about":[{"href":"https:\/\/crarn.org.br\/index.php?rest_route=\/wp\/v2\/types\/post"}],"author":[{"embeddable":true,"href":"https:\/\/crarn.org.br\/index.php?rest_route=\/wp\/v2\/users\/26"}],"replies":[{"embeddable":true,"href":"https:\/\/crarn.org.br\/index.php?rest_route=%2Fwp%2Fv2%2Fcomments&post=67979"}],"version-history":[{"count":1,"href":"https:\/\/crarn.org.br\/index.php?rest_route=\/wp\/v2\/posts\/67979\/revisions"}],"predecessor-version":[{"id":67981,"href":"https:\/\/crarn.org.br\/index.php?rest_route=\/wp\/v2\/posts\/67979\/revisions\/67981"}],"wp:featuredmedia":[{"embeddable":true,"href":"https:\/\/crarn.org.br\/index.php?rest_route=\/wp\/v2\/media\/67980"}],"wp:attachment":[{"href":"https:\/\/crarn.org.br\/index.php?rest_route=%2Fwp%2Fv2%2Fmedia&parent=67979"}],"wp:term":[{"taxonomy":"category","embeddable":true,"href":"https:\/\/crarn.org.br\/index.php?rest_route=%2Fwp%2Fv2%2Fcategories&post=67979"},{"taxonomy":"post_tag","embeddable":true,"href":"https:\/\/crarn.org.br\/index.php?rest_route=%2Fwp%2Fv2%2Ftags&post=67979"}],"curies":[{"name":"wp","href":"https:\/\/api.w.org\/{rel}","templated":true}]}}