{"id":67938,"date":"2025-06-05T12:07:06","date_gmt":"2025-06-05T15:07:06","guid":{"rendered":"https:\/\/crarn.org.br\/?p=67938"},"modified":"2025-06-05T12:07:07","modified_gmt":"2025-06-05T15:07:07","slug":"presidente-do-cra-rn-recebe-reconhecimento-pela-parceria-institucional-com-a-faculdade-estacio","status":"publish","type":"post","link":"https:\/\/crarn.org.br\/?p=67938","title":{"rendered":"Presidente do CRA-RN recebe reconhecimento pela parceria institucional com a Faculdade Est\u00e1cio"},"content":{"rendered":"\n<p>O presidente do Conselho Regional de Administra\u00e7\u00e3o do Rio Grande do Norte (CRA-RN), Adm. Fl\u00e1vio Em\u00edlio Cavalcanti, participou na \u00faltima ter\u00e7a-feira (03\/06) da solenidade de abertura da <strong>I Jornada de Pesquisa, Extens\u00e3o e Internacionaliza\u00e7\u00e3o (PEI)<\/strong>, promovida pela Faculdade Est\u00e1cio de Natal. O evento, realizado nos dias 03 e 04 de junho de 2025, teve como tema central <strong>\u201cPesquisa e inova\u00e7\u00e3o frente \u00e0s demandas do mercado de trabalho\u201d<\/strong> e reuniu pesquisadores, estudantes e representantes de institui\u00e7\u00f5es nacionais e internacionais para fomentar o interc\u00e2mbio de conhecimentos e a integra\u00e7\u00e3o entre ensino, pesquisa, extens\u00e3o e internacionaliza\u00e7\u00e3o.<\/p>\n<p>Durante a cerim\u00f4nia, o presidente do CRA-RN foi homenageado com a entrega de um <strong>certificado de reconhecimento<\/strong> pela parceria institucional mantida entre o Conselho e a Faculdade Est\u00e1cio. A honraria destacou a relevante contribui\u00e7\u00e3o do CRA-RN no <strong>fortalecimento da forma\u00e7\u00e3o acad\u00eamica<\/strong> e na promo\u00e7\u00e3o de a\u00e7\u00f5es que aproximam o meio acad\u00eamico das <strong>demandas do mercado profissional<\/strong>, colaborando para a forma\u00e7\u00e3o de profissionais mais \u00e9ticos, preparados e comprometidos com a sociedade.<\/p>\n<p>A parceria entre a Est\u00e1cio e os conselhos profissionais, como o CRA-RN, foi amplamente destacada como elemento essencial para garantir a qualidade e a pertin\u00eancia dos cursos oferecidos, assegurando sua ader\u00eancia \u00e0s diretrizes das respectivas profiss\u00f5es. Para a institui\u00e7\u00e3o, o di\u00e1logo cont\u00ednuo com os conselhos n\u00e3o apenas enriquece o trabalho acad\u00eamico, mas tamb\u00e9m contribui decisivamente para a constru\u00e7\u00e3o de uma educa\u00e7\u00e3o superior respons\u00e1vel e alinhada \u00e0s necessidades da sociedade contempor\u00e2nea.<\/p>\n<p>A participa\u00e7\u00e3o do Adm. Fl\u00e1vio Em\u00edlio Cavalcanti reafirma o compromisso do CRA-RN com a promo\u00e7\u00e3o da excel\u00eancia acad\u00eamica e com o fortalecimento dos v\u00ednculos entre a academia e o mundo do trabalho, pilares fundamentais para o desenvolvimento da Administra\u00e7\u00e3o e para a forma\u00e7\u00e3o de l\u00edderes transformadores.<\/p>\n<p>\u00a0<\/p>\n<button class=\"simplefavorite-button\" data-postid=\"67938\" data-siteid=\"1\" data-groupid=\"1\" data-favoritecount=\"0\" style=\"\">Favorite <i class=\"sf-icon-star-empty\"><\/i><\/button>","protected":false},"excerpt":{"rendered":"<p>O presidente do Conselho Regional de Administra\u00e7\u00e3o do Rio Grande do Norte (CRA-RN), Adm. Fl\u00e1vio Em\u00edlio Cavalcanti, participou na \u00faltima ter\u00e7a-feira (03\/06) da solenidade de abertura da I Jornada de Pesquisa, Extens\u00e3o e Internacionaliza\u00e7\u00e3o (PEI), promovida pela Faculdade Est\u00e1cio de Natal. O evento, realizado nos dias 03 e 04 de junho de 2025, teve como<a class=\"read-more\" href=\"https:\/\/crarn.org.br\/?p=67938\"> [&hellip;]<\/a><\/p>\n","protected":false},"author":26,"featured_media":67939,"comment_status":"closed","ping_status":"open","sticky":false,"template":"","format":"standard","meta":{"_price":"","_stock":"","_tribe_ticket_header":"","_tribe_default_ticket_provider":"","_tribe_ticket_capacity":"0","_ticket_start_date":"","_ticket_end_date":"","_tribe_ticket_show_description":"","_tribe_ticket_show_not_going":false,"_tribe_ticket_use_global_stock":"","_tribe_ticket_global_stock_level":"","_global_stock_mode":"","_global_stock_cap":"","_tribe_rsvp_for_event":"","_tribe_ticket_going_count":"","_tribe_ticket_not_going_count":"","_tribe_tickets_list":"[]","_tribe_ticket_has_attendee_info_fields":false,"footnotes":"","_links_to":"","_links_to_target":""},"categories":[585,310,320,309],"tags":[],"class_list":["post-67938","post","type-post","status-publish","format-standard","has-post-thumbnail","hentry","category-ano-2025","category-destaque-grande","category-home","category-ultimas-noticias","entry","has-media"],"_links":{"self":[{"href":"https:\/\/crarn.org.br\/index.php?rest_route=\/wp\/v2\/posts\/67938","targetHints":{"allow":["GET"]}}],"collection":[{"href":"https:\/\/crarn.org.br\/index.php?rest_route=\/wp\/v2\/posts"}],"about":[{"href":"https:\/\/crarn.org.br\/index.php?rest_route=\/wp\/v2\/types\/post"}],"author":[{"embeddable":true,"href":"https:\/\/crarn.org.br\/index.php?rest_route=\/wp\/v2\/users\/26"}],"replies":[{"embeddable":true,"href":"https:\/\/crarn.org.br\/index.php?rest_route=%2Fwp%2Fv2%2Fcomments&post=67938"}],"version-history":[{"count":2,"href":"https:\/\/crarn.org.br\/index.php?rest_route=\/wp\/v2\/posts\/67938\/revisions"}],"predecessor-version":[{"id":67941,"href":"https:\/\/crarn.org.br\/index.php?rest_route=\/wp\/v2\/posts\/67938\/revisions\/67941"}],"wp:featuredmedia":[{"embeddable":true,"href":"https:\/\/crarn.org.br\/index.php?rest_route=\/wp\/v2\/media\/67939"}],"wp:attachment":[{"href":"https:\/\/crarn.org.br\/index.php?rest_route=%2Fwp%2Fv2%2Fmedia&parent=67938"}],"wp:term":[{"taxonomy":"category","embeddable":true,"href":"https:\/\/crarn.org.br\/index.php?rest_route=%2Fwp%2Fv2%2Fcategories&post=67938"},{"taxonomy":"post_tag","embeddable":true,"href":"https:\/\/crarn.org.br\/index.php?rest_route=%2Fwp%2Fv2%2Ftags&post=67938"}],"curies":[{"name":"wp","href":"https:\/\/api.w.org\/{rel}","templated":true}]}}