{"id":67902,"date":"2025-05-28T14:26:03","date_gmt":"2025-05-28T17:26:03","guid":{"rendered":"https:\/\/crarn.org.br\/?p=67902"},"modified":"2025-05-28T14:30:19","modified_gmt":"2025-05-28T17:30:19","slug":"cra-rn-promove-curso-de-responsabilidade-tecnica-com-foco-na-valorizacao-profissional","status":"publish","type":"post","link":"https:\/\/crarn.org.br\/?p=67902","title":{"rendered":"CRA-RN promove curso de Responsabilidade T\u00e9cnica com foco na valoriza\u00e7\u00e3o profissional"},"content":{"rendered":"\n<p>O Conselho Regional de Administra\u00e7\u00e3o do Rio Grande do Norte (CRA-RN) deu in\u00edcio, nesta ter\u00e7a-feira (27\/05), ao Curso de Responsabilidade T\u00e9cnica, capacita\u00e7\u00e3o essencial para os profissionais da Administra\u00e7\u00e3o que atuam ou desejam atuar como Respons\u00e1veis T\u00e9cnicos. O curso \u00e9 gratuito e exclusivo para profissionais registrados no Conselho, sendo realizado na sede da entidade nos dias 27 e 28 de maio.<\/p>\n<p>A abertura foi conduzida pelo presidente do CRA-RN, Adm. Fl\u00e1vio Em\u00edlio Cavalcanti, que destacou a relev\u00e2ncia das empresas contarem com a atua\u00e7\u00e3o do Respons\u00e1vel T\u00e9cnico dentro das organiza\u00e7\u00f5es. \u201cPara aquelas empresas que n\u00e3o s\u00e3o t\u00e3o conscientes, que n\u00e3o t\u00eam este profissional em seus quadros, a fiscaliza\u00e7\u00e3o do Conselho passa a atuar. E, quanto mais a fiscaliza\u00e7\u00e3o se intensifica, maior \u00e9 a oportunidade de trabalho para o profissional de Administra\u00e7\u00e3o&#8221;, afirmou.<\/p>\n<p>A capacita\u00e7\u00e3o est\u00e1 sob a coordena\u00e7\u00e3o da Adm. Tatiana Costa Pinto, coordenadora de Fiscaliza\u00e7\u00e3o do CRA-RN. O curso \u00e9 obrigat\u00f3rio, conforme Resolu\u00e7\u00e3o Normativa vigente, para os profissionais que j\u00e1 exercem a fun\u00e7\u00e3o de Respons\u00e1vel T\u00e9cnico. Para esses, representa uma oportunidade de atualiza\u00e7\u00e3o e regulariza\u00e7\u00e3o. Para os demais, \u00e9 uma chance de abrir uma nova frente de atua\u00e7\u00e3o e expandir a carreira na \u00e1rea da Administra\u00e7\u00e3o.<\/p>\n<p>Fazendo parte de um conjunto de a\u00e7\u00f5es estrat\u00e9gicas do CRA-RN voltadas \u00e0 valoriza\u00e7\u00e3o e ao desenvolvimento cont\u00ednuo da categoria, o curso aborda o cen\u00e1rio de oportunidades da responsabilidade t\u00e9cnica no RN, frente \u00e0s a\u00e7\u00f5es de fiscaliza\u00e7\u00e3o, bem como as normas, procedimentos e orienta\u00e7\u00f5es gerais estabelecidas pelas Resolu\u00e7\u00f5es Normativas do CFA e CRA-RN.<\/p>\n<p>Com essa iniciativa, o Regional reafirma seu compromisso com a qualifica\u00e7\u00e3o dos profissionais da Administra\u00e7\u00e3o e com o fortalecimento da atua\u00e7\u00e3o consciente, \u00e9tica e t\u00e9cnica no mercado.<\/p>\n<button class=\"simplefavorite-button\" data-postid=\"67902\" data-siteid=\"1\" data-groupid=\"1\" data-favoritecount=\"0\" style=\"\">Favorite <i class=\"sf-icon-star-empty\"><\/i><\/button>","protected":false},"excerpt":{"rendered":"<p>O Conselho Regional de Administra\u00e7\u00e3o do Rio Grande do Norte (CRA-RN) deu in\u00edcio, nesta ter\u00e7a-feira (27\/05), ao Curso de Responsabilidade T\u00e9cnica, capacita\u00e7\u00e3o essencial para os profissionais da Administra\u00e7\u00e3o que atuam ou desejam atuar como Respons\u00e1veis T\u00e9cnicos. O curso \u00e9 gratuito e exclusivo para profissionais registrados no Conselho, sendo realizado na sede da entidade nos dias<a class=\"read-more\" href=\"https:\/\/crarn.org.br\/?p=67902\"> [&hellip;]<\/a><\/p>\n","protected":false},"author":26,"featured_media":67907,"comment_status":"closed","ping_status":"open","sticky":false,"template":"","format":"standard","meta":{"_price":"","_stock":"","_tribe_ticket_header":"","_tribe_default_ticket_provider":"","_tribe_ticket_capacity":"0","_ticket_start_date":"","_ticket_end_date":"","_tribe_ticket_show_description":"","_tribe_ticket_show_not_going":false,"_tribe_ticket_use_global_stock":"","_tribe_ticket_global_stock_level":"","_global_stock_mode":"","_global_stock_cap":"","_tribe_rsvp_for_event":"","_tribe_ticket_going_count":"","_tribe_ticket_not_going_count":"","_tribe_tickets_list":"[]","_tribe_ticket_has_attendee_info_fields":false,"footnotes":"","_links_to":"","_links_to_target":""},"categories":[585,310,320,309],"tags":[],"class_list":["post-67902","post","type-post","status-publish","format-standard","has-post-thumbnail","hentry","category-ano-2025","category-destaque-grande","category-home","category-ultimas-noticias","entry","has-media"],"_links":{"self":[{"href":"https:\/\/crarn.org.br\/index.php?rest_route=\/wp\/v2\/posts\/67902","targetHints":{"allow":["GET"]}}],"collection":[{"href":"https:\/\/crarn.org.br\/index.php?rest_route=\/wp\/v2\/posts"}],"about":[{"href":"https:\/\/crarn.org.br\/index.php?rest_route=\/wp\/v2\/types\/post"}],"author":[{"embeddable":true,"href":"https:\/\/crarn.org.br\/index.php?rest_route=\/wp\/v2\/users\/26"}],"replies":[{"embeddable":true,"href":"https:\/\/crarn.org.br\/index.php?rest_route=%2Fwp%2Fv2%2Fcomments&post=67902"}],"version-history":[{"count":3,"href":"https:\/\/crarn.org.br\/index.php?rest_route=\/wp\/v2\/posts\/67902\/revisions"}],"predecessor-version":[{"id":67906,"href":"https:\/\/crarn.org.br\/index.php?rest_route=\/wp\/v2\/posts\/67902\/revisions\/67906"}],"wp:featuredmedia":[{"embeddable":true,"href":"https:\/\/crarn.org.br\/index.php?rest_route=\/wp\/v2\/media\/67907"}],"wp:attachment":[{"href":"https:\/\/crarn.org.br\/index.php?rest_route=%2Fwp%2Fv2%2Fmedia&parent=67902"}],"wp:term":[{"taxonomy":"category","embeddable":true,"href":"https:\/\/crarn.org.br\/index.php?rest_route=%2Fwp%2Fv2%2Fcategories&post=67902"},{"taxonomy":"post_tag","embeddable":true,"href":"https:\/\/crarn.org.br\/index.php?rest_route=%2Fwp%2Fv2%2Ftags&post=67902"}],"curies":[{"name":"wp","href":"https:\/\/api.w.org\/{rel}","templated":true}]}}