{"id":67898,"date":"2025-05-27T14:11:48","date_gmt":"2025-05-27T17:11:48","guid":{"rendered":"https:\/\/crarn.org.br\/?p=67898"},"modified":"2025-05-29T15:22:27","modified_gmt":"2025-05-29T18:22:27","slug":"cra-rn-participa-do-vi-congresso-de-gestao-e-negocios-da-universidade-potiguar","status":"publish","type":"post","link":"https:\/\/crarn.org.br\/?p=67898","title":{"rendered":"CRA-RN participa do VI Congresso de Gest\u00e3o e Neg\u00f3cios da Universidade Potiguar"},"content":{"rendered":"\n<p>O Conselho Regional de Administra\u00e7\u00e3o do Rio Grande do Norte (CRA-RN) marcou presen\u00e7a no VI Congresso de Gest\u00e3o e Neg\u00f3cios da Universidade Potiguar (UnP), refor\u00e7ando seu compromisso com o desenvolvimento da profiss\u00e3o e a valoriza\u00e7\u00e3o dos administradores.<\/p>\n<p>A Diretora de Forma\u00e7\u00e3o Profissional do CRA-RN, Adm. Alice Dantas, representou o conselho durante o evento, ministrando a palestra <strong>&#8220;A Import\u00e2ncia do Profissional Cont\u00e1bil e Administrador na Sociedade&#8221;<\/strong>, que contou tamb\u00e9m com a participa\u00e7\u00e3o de uma representante do Conselho Regional de Contabilidade do RN (CRC-RN).<\/p>\n<p>Durante a apresenta\u00e7\u00e3o, a diretora destacou o papel fundamental dos profissionais de Administra\u00e7\u00e3o para o crescimento socioecon\u00f4mico do pa\u00eds, reafirmando o compromisso do CRA-RN com a valoriza\u00e7\u00e3o e capacita\u00e7\u00e3o cont\u00ednua dos administradores.<\/p>\n<p>A participa\u00e7\u00e3o do CRA-RN no congresso refor\u00e7a a miss\u00e3o institucional do conselho em promover a excel\u00eancia na pr\u00e1tica da Administra\u00e7\u00e3o, estreitando la\u00e7os com a comunidade acad\u00eamica e incentivando o protagonismo dos futuros administradores.<\/p>\n<p>\u00a0<\/p>\n<p>\u00a0<\/p>\n<button class=\"simplefavorite-button\" data-postid=\"67898\" data-siteid=\"1\" data-groupid=\"1\" data-favoritecount=\"0\" style=\"\">Favorite <i class=\"sf-icon-star-empty\"><\/i><\/button>","protected":false},"excerpt":{"rendered":"<p>O Conselho Regional de Administra\u00e7\u00e3o do Rio Grande do Norte (CRA-RN) marcou presen\u00e7a no VI Congresso de Gest\u00e3o e Neg\u00f3cios da Universidade Potiguar (UnP), refor\u00e7ando seu compromisso com o desenvolvimento da profiss\u00e3o e a valoriza\u00e7\u00e3o dos administradores. A Diretora de Forma\u00e7\u00e3o Profissional do CRA-RN, Adm. Alice Dantas, representou o conselho durante o evento, ministrando a<a class=\"read-more\" href=\"https:\/\/crarn.org.br\/?p=67898\"> [&hellip;]<\/a><\/p>\n","protected":false},"author":26,"featured_media":67899,"comment_status":"closed","ping_status":"open","sticky":false,"template":"","format":"standard","meta":{"_price":"","_stock":"","_tribe_ticket_header":"","_tribe_default_ticket_provider":"","_tribe_ticket_capacity":"0","_ticket_start_date":"","_ticket_end_date":"","_tribe_ticket_show_description":"","_tribe_ticket_show_not_going":false,"_tribe_ticket_use_global_stock":"","_tribe_ticket_global_stock_level":"","_global_stock_mode":"","_global_stock_cap":"","_tribe_rsvp_for_event":"","_tribe_ticket_going_count":"","_tribe_ticket_not_going_count":"","_tribe_tickets_list":"[]","_tribe_ticket_has_attendee_info_fields":false,"footnotes":"","_links_to":"","_links_to_target":""},"categories":[585,320,309],"tags":[],"class_list":["post-67898","post","type-post","status-publish","format-standard","has-post-thumbnail","hentry","category-ano-2025","category-home","category-ultimas-noticias","entry","has-media"],"_links":{"self":[{"href":"https:\/\/crarn.org.br\/index.php?rest_route=\/wp\/v2\/posts\/67898","targetHints":{"allow":["GET"]}}],"collection":[{"href":"https:\/\/crarn.org.br\/index.php?rest_route=\/wp\/v2\/posts"}],"about":[{"href":"https:\/\/crarn.org.br\/index.php?rest_route=\/wp\/v2\/types\/post"}],"author":[{"embeddable":true,"href":"https:\/\/crarn.org.br\/index.php?rest_route=\/wp\/v2\/users\/26"}],"replies":[{"embeddable":true,"href":"https:\/\/crarn.org.br\/index.php?rest_route=%2Fwp%2Fv2%2Fcomments&post=67898"}],"version-history":[{"count":2,"href":"https:\/\/crarn.org.br\/index.php?rest_route=\/wp\/v2\/posts\/67898\/revisions"}],"predecessor-version":[{"id":67901,"href":"https:\/\/crarn.org.br\/index.php?rest_route=\/wp\/v2\/posts\/67898\/revisions\/67901"}],"wp:featuredmedia":[{"embeddable":true,"href":"https:\/\/crarn.org.br\/index.php?rest_route=\/wp\/v2\/media\/67899"}],"wp:attachment":[{"href":"https:\/\/crarn.org.br\/index.php?rest_route=%2Fwp%2Fv2%2Fmedia&parent=67898"}],"wp:term":[{"taxonomy":"category","embeddable":true,"href":"https:\/\/crarn.org.br\/index.php?rest_route=%2Fwp%2Fv2%2Fcategories&post=67898"},{"taxonomy":"post_tag","embeddable":true,"href":"https:\/\/crarn.org.br\/index.php?rest_route=%2Fwp%2Fv2%2Ftags&post=67898"}],"curies":[{"name":"wp","href":"https:\/\/api.w.org\/{rel}","templated":true}]}}