{"id":67894,"date":"2025-05-27T13:31:46","date_gmt":"2025-05-27T16:31:46","guid":{"rendered":"https:\/\/crarn.org.br\/?p=67894"},"modified":"2025-05-27T13:34:13","modified_gmt":"2025-05-27T16:34:13","slug":"premio-cfa-belmiro-siqueira-2025-abre-inscricoes-e-oferecera-r-60-mil-em-premios","status":"publish","type":"post","link":"https:\/\/crarn.org.br\/?p=67894","title":{"rendered":"Pr\u00eamio CFA Belmiro Siqueira 2025 abre inscri\u00e7\u00f5es e oferecer\u00e1 R$ 60 mil em pr\u00eamios"},"content":{"rendered":"\n<p>O Conselho Federal de Administra\u00e7\u00e3o (CFA) anuncia a abertura das inscri\u00e7\u00f5es para o Pr\u00eamio CFA Belmiro Siqueira 2025. Os interessados j\u00e1 podem se inscrever por meio de formul\u00e1rio eletr\u00f4nico dispon\u00edvel no site oficial do CFA no link <a href=\"https:\/\/belmiro.cfa.org.br\/?c=inscricao&amp;a=form\">Pr\u00eamio CFA Belmiro Siqueira<\/a>. O prazo de inscri\u00e7\u00e3o vai at\u00e9 30 de setembro de 2025.<\/p>\n<p>Nesta edi\u00e7\u00e3o, o pr\u00eamio homenageia os 60 anos de regulamenta\u00e7\u00e3o da profiss\u00e3o de Administra\u00e7\u00e3o no Brasil, com o tema:\u00a0<strong>\u201c60 anos de regulamenta\u00e7\u00e3o de Administra\u00e7\u00e3o: impactos nas organiza\u00e7\u00f5es e na sociedade\u201d.<\/strong>\u00a0A iniciativa tem como objetivo estimular a produ\u00e7\u00e3o de conhecimento e valorizar a atua\u00e7\u00e3o dos profissionais de Administra\u00e7\u00e3o e futuros profissionais da \u00e1rea.<\/p>\n<p>Poder\u00e3o participar estudantes dos cursos de bacharelado em Administra\u00e7\u00e3o, dos cursos conexos \u00e0 Administra\u00e7\u00e3o considerados na Resolu\u00e7\u00e3o Normativa CFA n\u00b0 649\/2024 e dos cursos de educa\u00e7\u00e3o profissional t\u00e9cnica de n\u00edvel m\u00e9dio na \u00e1rea da Administra\u00e7\u00e3o. Al\u00e9m disso, o Pr\u00eamio \u00e9 aberto aos profissionais de Administra\u00e7\u00e3o com registro ativo e em dia no Conselho Regional de Administra\u00e7\u00e3o (CRA). Os trabalhos dever\u00e3o ser in\u00e9ditos e se enquadrar em uma das duas categorias:<\/p>\n<p>Artigo acad\u00eamico \u2013 destinada a estudantes;<\/p>\n<p>Artigo profissional \u2013 voltada a profissionais da Administra\u00e7\u00e3o.<\/p>\n<p>Ser\u00e3o selecionados os tr\u00eas melhores trabalhos de cada categoria, totalizando R$ 60 mil em premia\u00e7\u00e3o, valor que faz alus\u00e3o ao Jubileu de Diamante da profiss\u00e3o. Os vencedores, de cada categoria, receber\u00e3o:<\/p>\n<p>1\u00ba lugar: trof\u00e9u, certificado e R$ 15 mil<\/p>\n<p>2\u00ba lugar: certificado e R$ 10 mil<\/p>\n<p>3\u00ba lugar: certificado e R$ 5 mil<\/p>\n<p>De acordo com o presidente do CFA, Adm. Leonardo Macedo, o Pr\u00eamio CFA Belmiro Siqueira \u00e9 uma das mais tradicionais iniciativas do CFA para incentivar a excel\u00eancia na pesquisa e na pr\u00e1tica da Administra\u00e7\u00e3o. \u201cO Pr\u00eamio oferece uma oportunidade de reconhecimento para estudantes e profissionais de Administra\u00e7\u00e3o. \u00c9 uma forma de fortalecer a profiss\u00e3o e estimular a produ\u00e7\u00e3o cient\u00edfica na \u00e1rea da Ci\u00eancia da Administra\u00e7\u00e3o\u201d, afirmou.<\/p>\n<p>\u00a0<\/p>\n<p>Para mais informa\u00e7\u00f5es, acesse o edital: \u00a0<a href=\"https:\/\/belmiro.cfa.org.br\/downloads\/edital.pdf\">PDF 476900.001178\/2025-31<\/a><\/p>\n<p>\u00a0<\/p>\n<p>Ana Graciele Gon\u00e7alves\u00a0<\/p>\n<p>Assessoria de Comunica\u00e7\u00e3o CFA\u00a0<\/p>\n\n\n<button class=\"simplefavorite-button\" data-postid=\"67894\" data-siteid=\"1\" data-groupid=\"1\" data-favoritecount=\"0\" style=\"\">Favorite <i class=\"sf-icon-star-empty\"><\/i><\/button>","protected":false},"excerpt":{"rendered":"<p>O Conselho Federal de Administra\u00e7\u00e3o (CFA) anuncia a abertura das inscri\u00e7\u00f5es para o Pr\u00eamio CFA Belmiro Siqueira 2025. Os interessados j\u00e1 podem se inscrever por meio de formul\u00e1rio eletr\u00f4nico dispon\u00edvel no site oficial do CFA no link Pr\u00eamio CFA Belmiro Siqueira. O prazo de inscri\u00e7\u00e3o vai at\u00e9 30 de setembro de 2025. Nesta edi\u00e7\u00e3o, o<a class=\"read-more\" href=\"https:\/\/crarn.org.br\/?p=67894\"> [&hellip;]<\/a><\/p>\n","protected":false},"author":26,"featured_media":67895,"comment_status":"closed","ping_status":"open","sticky":false,"template":"","format":"standard","meta":{"_price":"","_stock":"","_tribe_ticket_header":"","_tribe_default_ticket_provider":"","_tribe_ticket_capacity":"0","_ticket_start_date":"","_ticket_end_date":"","_tribe_ticket_show_description":"","_tribe_ticket_show_not_going":false,"_tribe_ticket_use_global_stock":"","_tribe_ticket_global_stock_level":"","_global_stock_mode":"","_global_stock_cap":"","_tribe_rsvp_for_event":"","_tribe_ticket_going_count":"","_tribe_ticket_not_going_count":"","_tribe_tickets_list":"[]","_tribe_ticket_has_attendee_info_fields":false,"footnotes":"","_links_to":"","_links_to_target":""},"categories":[585,426,310,320,399,309],"tags":[],"class_list":["post-67894","post","type-post","status-publish","format-standard","has-post-thumbnail","hentry","category-ano-2025","category-cfa","category-destaque-grande","category-home","category-institucional","category-ultimas-noticias","entry","has-media"],"_links":{"self":[{"href":"https:\/\/crarn.org.br\/index.php?rest_route=\/wp\/v2\/posts\/67894","targetHints":{"allow":["GET"]}}],"collection":[{"href":"https:\/\/crarn.org.br\/index.php?rest_route=\/wp\/v2\/posts"}],"about":[{"href":"https:\/\/crarn.org.br\/index.php?rest_route=\/wp\/v2\/types\/post"}],"author":[{"embeddable":true,"href":"https:\/\/crarn.org.br\/index.php?rest_route=\/wp\/v2\/users\/26"}],"replies":[{"embeddable":true,"href":"https:\/\/crarn.org.br\/index.php?rest_route=%2Fwp%2Fv2%2Fcomments&post=67894"}],"version-history":[{"count":2,"href":"https:\/\/crarn.org.br\/index.php?rest_route=\/wp\/v2\/posts\/67894\/revisions"}],"predecessor-version":[{"id":67897,"href":"https:\/\/crarn.org.br\/index.php?rest_route=\/wp\/v2\/posts\/67894\/revisions\/67897"}],"wp:featuredmedia":[{"embeddable":true,"href":"https:\/\/crarn.org.br\/index.php?rest_route=\/wp\/v2\/media\/67895"}],"wp:attachment":[{"href":"https:\/\/crarn.org.br\/index.php?rest_route=%2Fwp%2Fv2%2Fmedia&parent=67894"}],"wp:term":[{"taxonomy":"category","embeddable":true,"href":"https:\/\/crarn.org.br\/index.php?rest_route=%2Fwp%2Fv2%2Fcategories&post=67894"},{"taxonomy":"post_tag","embeddable":true,"href":"https:\/\/crarn.org.br\/index.php?rest_route=%2Fwp%2Fv2%2Ftags&post=67894"}],"curies":[{"name":"wp","href":"https:\/\/api.w.org\/{rel}","templated":true}]}}