{"id":67890,"date":"2025-05-26T15:34:04","date_gmt":"2025-05-26T18:34:04","guid":{"rendered":"https:\/\/crarn.org.br\/?p=67890"},"modified":"2025-05-29T15:17:50","modified_gmt":"2025-05-29T18:17:50","slug":"cfa-lanca-igm-cfa-2025-ferramenta-inovadora-avalia-a-governanca-dos-municipios-brasileiros","status":"publish","type":"post","link":"https:\/\/crarn.org.br\/?p=67890","title":{"rendered":"CFA lan\u00e7a IGM-CFA 2025: ferramenta inovadora avalia a governan\u00e7a dos munic\u00edpios brasileiros"},"content":{"rendered":"\n<p>O Conselho Federal de Administra\u00e7\u00e3o (CFA) acaba de lan\u00e7ar a vers\u00e3o 2025 do \u00cdndice CFA de Governan\u00e7a Municipal (IGM-CFA). A ferramenta, que j\u00e1 \u00e9 refer\u00eancia na avalia\u00e7\u00e3o da governan\u00e7a p\u00fablica municipal no Brasil, agora conta com design mais din\u00e2mico, um painel interativo e recursos did\u00e1ticos que facilitam a consulta e a an\u00e1lise de dados.<\/p>\n<p>No ano do Jubileu de Diamante de regulamenta\u00e7\u00e3o da Administra\u00e7\u00e3o no pa\u00eds, o IGM-CFA 2025 apresenta muitas novidades. Entres elas destaca-se o novo painel online, totalmente interativo e redesenhado para proporcionar uma experi\u00eancia mais intuitiva para os profissionais de Administra\u00e7\u00e3o e os gestores p\u00fablicos que utilizarem a ferramenta.<br \/><br \/>Al\u00e9m disso, o IGM-CFA 2025 traz recursos gr\u00e1ficos mais claros e funcionalidades que permitem compara\u00e7\u00f5es entre munic\u00edpios, oferece filtros inteligentes e visualiza\u00e7\u00f5es em tempo real. O gerenciamento da ferramenta \u00e9 conduzido pela C\u00e2mara de Gest\u00e3o P\u00fablica do CFA. Cabe ao setor fazer o levantamento e cruzamento de dados.<br \/><br \/>Segundo o diretor de Gest\u00e3o P\u00fablica do CFA, Adm. Emerson Clayton Arantes, a constru\u00e7\u00e3o do IGM-CFA envolve a manipula\u00e7\u00e3o de mais de 650 mil linhas de dados p\u00fablicos oficiais e a manipula\u00e7\u00e3o de dez bases diferentes.<\/p>\n<p><em>\u201cO IGM-CFA 2025 torna-se uma ferramenta ainda mais pr\u00e1tica e did\u00e1tica. A proposta \u00e9 ampliar o acesso \u00e0s informa\u00e7\u00f5es de forma transparente, contribuindo para a tomada de decis\u00f5es mais eficazes no \u00e2mbito da gest\u00e3o p\u00fablica\u201d, afirma.<br \/><br \/><\/em><\/p>\n<p>O lan\u00e7amento do IGM-CFA 2025 aconteceu em Florian\u00f3polis-SC, durante o 3\u00ba F\u00f3rum de Presidentes do Sistema CFA\/CRAs.\u00a0 \u201cAl\u00e9m de atualizar os dados e aperfei\u00e7oar a usabilidade, o novo formato do IGM-CFA amplia o alcance do \u00edndice como instrumento estrat\u00e9gico para o planejamento de pol\u00edticas p\u00fablicas baseadas em evid\u00eancias\u201d, comentou o diretor.<br \/><br \/><strong>Novidades<\/strong><br \/><br \/>Emerson conta que o IGM-CFA j\u00e1 \u00e9 uma ferramenta consolidada. \u201cS\u00e3o nove anos e, a cada edi\u00e7\u00e3o, ela vem aprimorando-se visual e tecnologicamente, tornando-se um dos principais produtos do CFA em rela\u00e7\u00e3o a gest\u00e3o p\u00fablica. A ferramenta de diagn\u00f3stico tem alcan\u00e7ados seus objetivos tornando-se mais precisa em rela\u00e7\u00e3o ao diagn\u00f3stico municipal\u201d, explicou.<\/p>\n<p>Em 2025, o IGM-CFA foi repaginado buscando encontrar uma usabilidade mais amig\u00e1vel facilitando ainda mais a experi\u00eancia do usu\u00e1rio. \u201cEsteticamente mais \u2018bonito\u2019, o visual escuro proporciona um contexto mais profissional condizente com a import\u00e2ncia da ferramenta e a seriedade das informa\u00e7\u00f5es.\u201d, apontou o diretor.<br \/><br \/>Em sua vers\u00e3o aberta todas as funcionalidades foram mantidas, tais como: metodologia aberta com descri\u00e7\u00e3o de cada um dos indicadores bem como de duas vari\u00e1veis, pesquisa por estado, por grupo, ranking e a com compara\u00e7\u00e3o entre munic\u00edpios. J\u00e1 no acesso exclusivo \u2013 p\u00e1gina dedicada aos profissionais de Administra\u00e7\u00e3o \u2013 a s\u00e9rie hist\u00f3rica ganha mais robustez no acompanhamento ano a ano da linha de tendencia do desempenho municipal nos \u00faltimos 9 anos.<br \/><br \/>A p\u00e1gina, que al\u00e9m da s\u00e9rie hist\u00f3rica conta com mapa, base de dados do ano corrente, painel financeiro e outras funcionalidades, ganha um novo painel, inicialmente chamado de IGM online. \u201cTrata-se de um painel que tem como diferencial uma atua\u00e7\u00e3o di\u00e1ria. Diferente do IGM-CFA, que \u00e9 atualizado anualmente, no painel on-line \u00e9 poss\u00edvel acompanhar em tempo real as mudan\u00e7as em algumas informa\u00e7\u00f5es municipais tais como: liquidez, gasto com pessoal (parametrizado com os limites da LRF), porcentagem de comissionados e pend\u00eancias do CAUC. Esse painel tem como objetivo abastecer os usu\u00e1rios com informa\u00e7\u00f5es mais atualizadas do munic\u00edpio proporcionando a possibilidade de um diagn\u00f3stico mais preciso.\u201d, destacou.<br \/><br \/>Ainda em 2025, nesse mesmo painel ser\u00e3o inseridos outras informa\u00e7\u00f5es e ter\u00e1 seu visual aprimorado buscando proporcionar um ambiente mais agrad\u00e1vel e mais fidedigno a realidade municipal.\u00a0A expectativa \u00e9 que a nova vers\u00e3o fortale\u00e7a ainda mais o papel do IGM-CFA como refer\u00eancia nacional em intelig\u00eancia p\u00fablica municipal. O IGM-CFA 2025 est\u00e1 dispon\u00edvel no site\u00a0<a href=\"https:\/\/igm.cfa.org.br\/\">https:\/\/igm.cfa.org.br\/<\/a>.<\/p>\n<p><br \/><br \/><\/p>\n<p>Ana Graciele Gon\u00e7alves<\/p>\n<p>Assessoria de Comunica\u00e7\u00e3o CFA<\/p>\n<button class=\"simplefavorite-button\" data-postid=\"67890\" data-siteid=\"1\" data-groupid=\"1\" data-favoritecount=\"0\" style=\"\">Favorite <i class=\"sf-icon-star-empty\"><\/i><\/button>","protected":false},"excerpt":{"rendered":"<p>O Conselho Federal de Administra\u00e7\u00e3o (CFA) acaba de lan\u00e7ar a vers\u00e3o 2025 do \u00cdndice CFA de Governan\u00e7a Municipal (IGM-CFA). A ferramenta, que j\u00e1 \u00e9 refer\u00eancia na avalia\u00e7\u00e3o da governan\u00e7a p\u00fablica municipal no Brasil, agora conta com design mais din\u00e2mico, um painel interativo e recursos did\u00e1ticos que facilitam a consulta e a an\u00e1lise de dados. No<a class=\"read-more\" href=\"https:\/\/crarn.org.br\/?p=67890\"> [&hellip;]<\/a><\/p>\n","protected":false},"author":26,"featured_media":67891,"comment_status":"closed","ping_status":"open","sticky":false,"template":"","format":"standard","meta":{"_price":"","_stock":"","_tribe_ticket_header":"","_tribe_default_ticket_provider":"","_tribe_ticket_capacity":"0","_ticket_start_date":"","_ticket_end_date":"","_tribe_ticket_show_description":"","_tribe_ticket_show_not_going":false,"_tribe_ticket_use_global_stock":"","_tribe_ticket_global_stock_level":"","_global_stock_mode":"","_global_stock_cap":"","_tribe_rsvp_for_event":"","_tribe_ticket_going_count":"","_tribe_ticket_not_going_count":"","_tribe_tickets_list":"[]","_tribe_ticket_has_attendee_info_fields":false,"footnotes":"","_links_to":"","_links_to_target":""},"categories":[585,320,399,309],"tags":[],"class_list":["post-67890","post","type-post","status-publish","format-standard","has-post-thumbnail","hentry","category-ano-2025","category-home","category-institucional","category-ultimas-noticias","entry","has-media"],"_links":{"self":[{"href":"https:\/\/crarn.org.br\/index.php?rest_route=\/wp\/v2\/posts\/67890","targetHints":{"allow":["GET"]}}],"collection":[{"href":"https:\/\/crarn.org.br\/index.php?rest_route=\/wp\/v2\/posts"}],"about":[{"href":"https:\/\/crarn.org.br\/index.php?rest_route=\/wp\/v2\/types\/post"}],"author":[{"embeddable":true,"href":"https:\/\/crarn.org.br\/index.php?rest_route=\/wp\/v2\/users\/26"}],"replies":[{"embeddable":true,"href":"https:\/\/crarn.org.br\/index.php?rest_route=%2Fwp%2Fv2%2Fcomments&post=67890"}],"version-history":[{"count":2,"href":"https:\/\/crarn.org.br\/index.php?rest_route=\/wp\/v2\/posts\/67890\/revisions"}],"predecessor-version":[{"id":67893,"href":"https:\/\/crarn.org.br\/index.php?rest_route=\/wp\/v2\/posts\/67890\/revisions\/67893"}],"wp:featuredmedia":[{"embeddable":true,"href":"https:\/\/crarn.org.br\/index.php?rest_route=\/wp\/v2\/media\/67891"}],"wp:attachment":[{"href":"https:\/\/crarn.org.br\/index.php?rest_route=%2Fwp%2Fv2%2Fmedia&parent=67890"}],"wp:term":[{"taxonomy":"category","embeddable":true,"href":"https:\/\/crarn.org.br\/index.php?rest_route=%2Fwp%2Fv2%2Fcategories&post=67890"},{"taxonomy":"post_tag","embeddable":true,"href":"https:\/\/crarn.org.br\/index.php?rest_route=%2Fwp%2Fv2%2Ftags&post=67890"}],"curies":[{"name":"wp","href":"https:\/\/api.w.org\/{rel}","templated":true}]}}