{"id":67847,"date":"2025-05-20T15:44:41","date_gmt":"2025-05-20T18:44:41","guid":{"rendered":"https:\/\/crarn.org.br\/?p=67847"},"modified":"2025-05-20T15:44:41","modified_gmt":"2025-05-20T18:44:41","slug":"cra-rn-solicita-retificacao-de-edital-da-emparn-para-garantir-prerrogativas-da-profissao","status":"publish","type":"post","link":"https:\/\/crarn.org.br\/?p=67847","title":{"rendered":"CRA-RN Solicita Retifica\u00e7\u00e3o de Edital da EMPARN para Garantir Prerrogativas da Profiss\u00e3o"},"content":{"rendered":"\n<p>O setor de Fiscaliza\u00e7\u00e3o do Conselho Regional de Administra\u00e7\u00e3o do Rio Grande do Norte (CRA-RN) analisou mais um edital de concurso p\u00fablico. Desta vez, o foco foi o Edital N\u00ba 01\/2025 da Empresa de Pesquisa Agropecu\u00e1ria do Rio Grande do Norte (EMPARN) e solicitou oficialmente a sua retifica\u00e7\u00e3o. O documento em quest\u00e3o abre vagas para cargos nas \u00e1reas de Administra\u00e7\u00e3o, Gest\u00e3o de Pessoas e Gest\u00e3o Estrat\u00e9gica, mas n\u00e3o contempla as prerrogativas legais da profiss\u00e3o de Administrador.<\/p>\n<p>Essas \u00e1reas s\u00e3o reconhecidas como campos privativos da Administra\u00e7\u00e3o, conforme a legisla\u00e7\u00e3o vigente. Por isso, o CRA-RN refor\u00e7a a necessidade de exigir, como requisito para a nomea\u00e7\u00e3o dos candidatos aprovados, a comprova\u00e7\u00e3o de habilita\u00e7\u00e3o legal \u2014 ou seja, o registro profissional no Conselho.<\/p>\n<p>O of\u00edcio enviado \u00e0 EMPARN tamb\u00e9m destaca que os cursos de Mestrado citados como exig\u00eancia para determinadas vagas correspondem a \u00e1reas de atua\u00e7\u00e3o do profissional de Administra\u00e7\u00e3o. Dessa forma, os mestres nessas \u00e1reas tamb\u00e9m devem comprovar registro no CRA-RN, conforme prev\u00ea a regulamenta\u00e7\u00e3o profissional.<\/p>\n<p>Al\u00e9m disso, o CRA-RN esclareceu que candidatos com diploma de Bacharelado em Gest\u00e3o P\u00fablica, Bacharelado em Gest\u00e3o de Pol\u00edticas P\u00fablicas ou Tecn\u00f3logo em Gest\u00e3o P\u00fablica s\u00e3o igualmente considerados profissionais da Administra\u00e7\u00e3o e, portanto, est\u00e3o aptos a concorrer \u00e0s vagas oferecidas.<\/p>\n<p>A EMPARN foi notificada e possui um prazo para se manifestar oficialmente sobre o pleito. O CRA-RN segue atuando de forma ativa na an\u00e1lise de editais, com o objetivo de assegurar o cumprimento das normas que regulamentam a profiss\u00e3o e garantir a valoriza\u00e7\u00e3o dos profissionais da Administra\u00e7\u00e3o.<\/p>\n<button class=\"simplefavorite-button\" data-postid=\"67847\" data-siteid=\"1\" data-groupid=\"1\" data-favoritecount=\"1\" style=\"\">Favorite <i class=\"sf-icon-star-empty\"><\/i><\/button>","protected":false},"excerpt":{"rendered":"<p>O setor de Fiscaliza\u00e7\u00e3o do Conselho Regional de Administra\u00e7\u00e3o do Rio Grande do Norte (CRA-RN) analisou mais um edital de concurso p\u00fablico. Desta vez, o foco foi o Edital N\u00ba 01\/2025 da Empresa de Pesquisa Agropecu\u00e1ria do Rio Grande do Norte (EMPARN) e solicitou oficialmente a sua retifica\u00e7\u00e3o. O documento em quest\u00e3o abre vagas para<a class=\"read-more\" href=\"https:\/\/crarn.org.br\/?p=67847\"> [&hellip;]<\/a><\/p>\n","protected":false},"author":26,"featured_media":67848,"comment_status":"closed","ping_status":"open","sticky":false,"template":"","format":"standard","meta":{"_price":"","_stock":"","_tribe_ticket_header":"","_tribe_default_ticket_provider":"","_tribe_ticket_capacity":"0","_ticket_start_date":"","_ticket_end_date":"","_tribe_ticket_show_description":"","_tribe_ticket_show_not_going":false,"_tribe_ticket_use_global_stock":"","_tribe_ticket_global_stock_level":"","_global_stock_mode":"","_global_stock_cap":"","_tribe_rsvp_for_event":"","_tribe_ticket_going_count":"","_tribe_ticket_not_going_count":"","_tribe_tickets_list":"[]","_tribe_ticket_has_attendee_info_fields":false,"footnotes":"","_links_to":"","_links_to_target":""},"categories":[585,310,320,399,309],"tags":[],"class_list":["post-67847","post","type-post","status-publish","format-standard","has-post-thumbnail","hentry","category-ano-2025","category-destaque-grande","category-home","category-institucional","category-ultimas-noticias","entry","has-media"],"_links":{"self":[{"href":"https:\/\/crarn.org.br\/index.php?rest_route=\/wp\/v2\/posts\/67847","targetHints":{"allow":["GET"]}}],"collection":[{"href":"https:\/\/crarn.org.br\/index.php?rest_route=\/wp\/v2\/posts"}],"about":[{"href":"https:\/\/crarn.org.br\/index.php?rest_route=\/wp\/v2\/types\/post"}],"author":[{"embeddable":true,"href":"https:\/\/crarn.org.br\/index.php?rest_route=\/wp\/v2\/users\/26"}],"replies":[{"embeddable":true,"href":"https:\/\/crarn.org.br\/index.php?rest_route=%2Fwp%2Fv2%2Fcomments&post=67847"}],"version-history":[{"count":1,"href":"https:\/\/crarn.org.br\/index.php?rest_route=\/wp\/v2\/posts\/67847\/revisions"}],"predecessor-version":[{"id":67849,"href":"https:\/\/crarn.org.br\/index.php?rest_route=\/wp\/v2\/posts\/67847\/revisions\/67849"}],"wp:featuredmedia":[{"embeddable":true,"href":"https:\/\/crarn.org.br\/index.php?rest_route=\/wp\/v2\/media\/67848"}],"wp:attachment":[{"href":"https:\/\/crarn.org.br\/index.php?rest_route=%2Fwp%2Fv2%2Fmedia&parent=67847"}],"wp:term":[{"taxonomy":"category","embeddable":true,"href":"https:\/\/crarn.org.br\/index.php?rest_route=%2Fwp%2Fv2%2Fcategories&post=67847"},{"taxonomy":"post_tag","embeddable":true,"href":"https:\/\/crarn.org.br\/index.php?rest_route=%2Fwp%2Fv2%2Ftags&post=67847"}],"curies":[{"name":"wp","href":"https:\/\/api.w.org\/{rel}","templated":true}]}}