{"id":67841,"date":"2025-05-16T16:13:12","date_gmt":"2025-05-16T19:13:12","guid":{"rendered":"https:\/\/crarn.org.br\/?p=67841"},"modified":"2025-05-29T15:21:09","modified_gmt":"2025-05-29T18:21:09","slug":"cra-rn-acompanha-debates-sobre-os-rumos-da-administracao-no-erpa-sul","status":"publish","type":"post","link":"https:\/\/crarn.org.br\/?p=67841","title":{"rendered":"CRA-RN acompanha debates sobre os rumos da Administra\u00e7\u00e3o no Erpa Sul"},"content":{"rendered":"\n<p><\/p>\n\n\n\n<p>O Conselho Regional de Administra\u00e7\u00e3o do Rio Grande do Norte (CRA-RN) esteve presente no Encontro Regional dos Profissionais de Administra\u00e7\u00e3o da Regi\u00e3o Sul (Erpa Sul), realizado em Florian\u00f3polis. Representado pelo presidente, Adm. Fl\u00e1vio Em\u00edlio Cavalcanti, e pelo conselheiro federal pelo RN, Adm. J\u00falio Rezende, o CRA-RN acompanhou as discuss\u00f5es promovidas pelo evento, que este ano teve como tema \u201c60 anos de Administra\u00e7\u00e3o no Brasil: Conquistas, Desafios e o Futuro da Administra\u00e7\u00e3o\u201d.<\/p>\n<p>Durante o encontro, foram debatidos temas relevantes para o futuro da profiss\u00e3o, com destaque para os desafios e perspectivas da educa\u00e7\u00e3o superior em Administra\u00e7\u00e3o. O evento tamb\u00e9m trouxe reflex\u00f5es sobre a trajet\u00f3ria hist\u00f3rica da ci\u00eancia da Administra\u00e7\u00e3o no pa\u00eds, a import\u00e2ncia da forma\u00e7\u00e3o cr\u00edtica e inovadora dos profissionais, e o papel do Sistema CFA\/CRAs na valoriza\u00e7\u00e3o e fiscaliza\u00e7\u00e3o da profiss\u00e3o.<\/p>\n\n\n<button class=\"simplefavorite-button\" data-postid=\"67841\" data-siteid=\"1\" data-groupid=\"1\" data-favoritecount=\"0\" style=\"\">Favorite <i class=\"sf-icon-star-empty\"><\/i><\/button>","protected":false},"excerpt":{"rendered":"<p>O Conselho Regional de Administra\u00e7\u00e3o do Rio Grande do Norte (CRA-RN) esteve presente no Encontro Regional dos Profissionais de Administra\u00e7\u00e3o da Regi\u00e3o Sul (Erpa Sul), realizado em Florian\u00f3polis. Representado pelo presidente, Adm. Fl\u00e1vio Em\u00edlio Cavalcanti, e pelo conselheiro federal pelo RN, Adm. J\u00falio Rezende, o CRA-RN acompanhou as discuss\u00f5es promovidas pelo evento, que este ano<a class=\"read-more\" href=\"https:\/\/crarn.org.br\/?p=67841\"> [&hellip;]<\/a><\/p>\n","protected":false},"author":26,"featured_media":67842,"comment_status":"closed","ping_status":"open","sticky":false,"template":"","format":"standard","meta":{"_price":"","_stock":"","_tribe_ticket_header":"","_tribe_default_ticket_provider":"","_tribe_ticket_capacity":"0","_ticket_start_date":"","_ticket_end_date":"","_tribe_ticket_show_description":"","_tribe_ticket_show_not_going":false,"_tribe_ticket_use_global_stock":"","_tribe_ticket_global_stock_level":"","_global_stock_mode":"","_global_stock_cap":"","_tribe_rsvp_for_event":"","_tribe_ticket_going_count":"","_tribe_ticket_not_going_count":"","_tribe_tickets_list":"[]","_tribe_ticket_has_attendee_info_fields":false,"footnotes":"","_links_to":"","_links_to_target":""},"categories":[585,320,309],"tags":[],"class_list":["post-67841","post","type-post","status-publish","format-standard","has-post-thumbnail","hentry","category-ano-2025","category-home","category-ultimas-noticias","entry","has-media"],"_links":{"self":[{"href":"https:\/\/crarn.org.br\/index.php?rest_route=\/wp\/v2\/posts\/67841","targetHints":{"allow":["GET"]}}],"collection":[{"href":"https:\/\/crarn.org.br\/index.php?rest_route=\/wp\/v2\/posts"}],"about":[{"href":"https:\/\/crarn.org.br\/index.php?rest_route=\/wp\/v2\/types\/post"}],"author":[{"embeddable":true,"href":"https:\/\/crarn.org.br\/index.php?rest_route=\/wp\/v2\/users\/26"}],"replies":[{"embeddable":true,"href":"https:\/\/crarn.org.br\/index.php?rest_route=%2Fwp%2Fv2%2Fcomments&post=67841"}],"version-history":[{"count":1,"href":"https:\/\/crarn.org.br\/index.php?rest_route=\/wp\/v2\/posts\/67841\/revisions"}],"predecessor-version":[{"id":67843,"href":"https:\/\/crarn.org.br\/index.php?rest_route=\/wp\/v2\/posts\/67841\/revisions\/67843"}],"wp:featuredmedia":[{"embeddable":true,"href":"https:\/\/crarn.org.br\/index.php?rest_route=\/wp\/v2\/media\/67842"}],"wp:attachment":[{"href":"https:\/\/crarn.org.br\/index.php?rest_route=%2Fwp%2Fv2%2Fmedia&parent=67841"}],"wp:term":[{"taxonomy":"category","embeddable":true,"href":"https:\/\/crarn.org.br\/index.php?rest_route=%2Fwp%2Fv2%2Fcategories&post=67841"},{"taxonomy":"post_tag","embeddable":true,"href":"https:\/\/crarn.org.br\/index.php?rest_route=%2Fwp%2Fv2%2Ftags&post=67841"}],"curies":[{"name":"wp","href":"https:\/\/api.w.org\/{rel}","templated":true}]}}