{"id":67838,"date":"2025-05-14T15:06:42","date_gmt":"2025-05-14T18:06:42","guid":{"rendered":"https:\/\/crarn.org.br\/?p=67838"},"modified":"2025-05-14T15:06:43","modified_gmt":"2025-05-14T18:06:43","slug":"presidente-do-cra-rn-participa-do-3o-forum-de-presidentes-do-sistema-cfa-cras-em-florianopolis","status":"publish","type":"post","link":"https:\/\/crarn.org.br\/?p=67838","title":{"rendered":"Presidente do CRA-RN participa do 3\u00ba F\u00f3rum de Presidentes do Sistema CFA\/CRAs em Florian\u00f3polis"},"content":{"rendered":"\n<p>O presidente do Conselho Regional de Administra\u00e7\u00e3o do Rio Grande do Norte (CRA-RN), Adm. Fl\u00e1vio Em\u00edlio Cavalcanti, est\u00e1 participando do 3\u00ba F\u00f3rum de Presidentes do Sistema CFA\/CRAs de 2025, que ocorre nos dias 14 e 15 de maio no Hotel Intercity Portofino, em Florian\u00f3polis, Santa Catarina. O evento foi aberto pelo presidente do Conselho Federal de Administra\u00e7\u00e3o (CFA), Adm. Leonardo Macedo, e re\u00fane lideran\u00e7as de todo o pa\u00eds para debater pautas estrat\u00e9gicas da \u00e1rea da Administra\u00e7\u00e3o.<\/p>\n<p>Durante os dois dias de programa\u00e7\u00e3o, est\u00e3o sendo discutidos temas relevantes para o fortalecimento e moderniza\u00e7\u00e3o do Sistema CFA\/CRAs. Entre os destaques, est\u00e1 a apresenta\u00e7\u00e3o dos projetos do PRODER 2025, sob responsabilidade do vice-presidente do CFA, e as atualiza\u00e7\u00f5es relacionadas ao Jubileu do Sistema. Os presidentes tamb\u00e9m est\u00e3o avaliando propostas para o desenvolvimento de um sistema pr\u00f3prio de fiscaliza\u00e7\u00e3o, controle cadastral e financeiro dos conselhos regionais, com o objetivo de aprimorar a gest\u00e3o e garantir maior autonomia tecnol\u00f3gica.<\/p>\n<p>Outro ponto importante da agenda \u00e9 o Plano de Trabalho vinculado ao Acordo de Coopera\u00e7\u00e3o T\u00e9cnica entre o CFA e o Minist\u00e9rio do Empreendedorismo, iniciativa que busca fortalecer o apoio institucional \u00e0s pol\u00edticas p\u00fablicas voltadas ao desenvolvimento do empreendedorismo no Brasil.<\/p>\n<p>O evento tamb\u00e9m marca o lan\u00e7amento oficial do \u00cdndice de Governan\u00e7a Municipal (IGM-CFA), al\u00e9m de incluir debates sobre a Rede de Gest\u00e3o P\u00fablica e a realiza\u00e7\u00e3o dos eventos nacionais da \u00e1rea em 2025, como o FIA (F\u00f3rum Internacional de Administra\u00e7\u00e3o) e o ENBRA (Encontro Brasileiro de Administra\u00e7\u00e3o).<\/p>\n<p>Est\u00e3o sendo ainda apresentados os resultados de pesquisas realizadas sobre o processo eleitoral no \u00e2mbito do Sistema CFA\/CRAs e o relat\u00f3rio da Ouvidoria referente ao m\u00eas de abril. O diagn\u00f3stico inicial das Ouvidorias dos regionais tamb\u00e9m integra os debates, assim como os resultados da consultoria organizacional ISSO, referente ao contrato 03 atualmente em vigor, que fornece solu\u00e7\u00f5es de moderniza\u00e7\u00e3o institucional ao Sistema.<\/p>\n<p>A participa\u00e7\u00e3o do Adm. Fl\u00e1vio Em\u00edlio Cavalcanti reafirma o compromisso do CRA-RN com o fortalecimento da profiss\u00e3o e a integra\u00e7\u00e3o nacional entre os conselhos, contribuindo para a constru\u00e7\u00e3o de pol\u00edticas e ferramentas que ampliem a efici\u00eancia do Sistema CFA\/CRAs.<\/p>\n<p>\u00a0<\/p>\n<button class=\"simplefavorite-button\" data-postid=\"67838\" data-siteid=\"1\" data-groupid=\"1\" data-favoritecount=\"0\" style=\"\">Favorite <i class=\"sf-icon-star-empty\"><\/i><\/button>","protected":false},"excerpt":{"rendered":"<p>O presidente do Conselho Regional de Administra\u00e7\u00e3o do Rio Grande do Norte (CRA-RN), Adm. Fl\u00e1vio Em\u00edlio Cavalcanti, est\u00e1 participando do 3\u00ba F\u00f3rum de Presidentes do Sistema CFA\/CRAs de 2025, que ocorre nos dias 14 e 15 de maio no Hotel Intercity Portofino, em Florian\u00f3polis, Santa Catarina. O evento foi aberto pelo presidente do Conselho Federal<a class=\"read-more\" href=\"https:\/\/crarn.org.br\/?p=67838\"> [&hellip;]<\/a><\/p>\n","protected":false},"author":26,"featured_media":67839,"comment_status":"closed","ping_status":"open","sticky":false,"template":"","format":"standard","meta":{"_price":"","_stock":"","_tribe_ticket_header":"","_tribe_default_ticket_provider":"","_tribe_ticket_capacity":"0","_ticket_start_date":"","_ticket_end_date":"","_tribe_ticket_show_description":"","_tribe_ticket_show_not_going":false,"_tribe_ticket_use_global_stock":"","_tribe_ticket_global_stock_level":"","_global_stock_mode":"","_global_stock_cap":"","_tribe_rsvp_for_event":"","_tribe_ticket_going_count":"","_tribe_ticket_not_going_count":"","_tribe_tickets_list":"[]","_tribe_ticket_has_attendee_info_fields":false,"footnotes":"","_links_to":"","_links_to_target":""},"categories":[585,310,320,309],"tags":[],"class_list":["post-67838","post","type-post","status-publish","format-standard","has-post-thumbnail","hentry","category-ano-2025","category-destaque-grande","category-home","category-ultimas-noticias","entry","has-media"],"_links":{"self":[{"href":"https:\/\/crarn.org.br\/index.php?rest_route=\/wp\/v2\/posts\/67838","targetHints":{"allow":["GET"]}}],"collection":[{"href":"https:\/\/crarn.org.br\/index.php?rest_route=\/wp\/v2\/posts"}],"about":[{"href":"https:\/\/crarn.org.br\/index.php?rest_route=\/wp\/v2\/types\/post"}],"author":[{"embeddable":true,"href":"https:\/\/crarn.org.br\/index.php?rest_route=\/wp\/v2\/users\/26"}],"replies":[{"embeddable":true,"href":"https:\/\/crarn.org.br\/index.php?rest_route=%2Fwp%2Fv2%2Fcomments&post=67838"}],"version-history":[{"count":1,"href":"https:\/\/crarn.org.br\/index.php?rest_route=\/wp\/v2\/posts\/67838\/revisions"}],"predecessor-version":[{"id":67840,"href":"https:\/\/crarn.org.br\/index.php?rest_route=\/wp\/v2\/posts\/67838\/revisions\/67840"}],"wp:featuredmedia":[{"embeddable":true,"href":"https:\/\/crarn.org.br\/index.php?rest_route=\/wp\/v2\/media\/67839"}],"wp:attachment":[{"href":"https:\/\/crarn.org.br\/index.php?rest_route=%2Fwp%2Fv2%2Fmedia&parent=67838"}],"wp:term":[{"taxonomy":"category","embeddable":true,"href":"https:\/\/crarn.org.br\/index.php?rest_route=%2Fwp%2Fv2%2Fcategories&post=67838"},{"taxonomy":"post_tag","embeddable":true,"href":"https:\/\/crarn.org.br\/index.php?rest_route=%2Fwp%2Fv2%2Ftags&post=67838"}],"curies":[{"name":"wp","href":"https:\/\/api.w.org\/{rel}","templated":true}]}}