{"id":67834,"date":"2025-05-12T15:30:22","date_gmt":"2025-05-12T18:30:22","guid":{"rendered":"https:\/\/crarn.org.br\/?p=67834"},"modified":"2025-05-12T15:30:23","modified_gmt":"2025-05-12T18:30:23","slug":"cra-rn-solicita-retificacao-em-edital-de-concurso-do-idema-rn","status":"publish","type":"post","link":"https:\/\/crarn.org.br\/?p=67834","title":{"rendered":"CRA-RN solicita retifica\u00e7\u00e3o em edital de concurso do IDEMA-RN"},"content":{"rendered":"\n<p>A \u00e1rea de fiscaliza\u00e7\u00e3o do Conselho Regional de Administra\u00e7\u00e3o do Rio Grande do Norte (CRA-RN) est\u00e1 atenta aos concursos p\u00fablicos recentemente publicados no estado, com o objetivo de assegurar o cumprimento da legisla\u00e7\u00e3o que regulamenta a profiss\u00e3o de Administrador.<\/p>\n<p>Na an\u00e1lise do Edital n\u00ba 04\/2025, referente ao concurso p\u00fablico do Instituto de Desenvolvimento Sustent\u00e1vel e Meio Ambiente do RN (IDEMA\/RN), a equipe de fiscaliza\u00e7\u00e3o identificou inconsist\u00eancias no cargo de Analista Administrativo \u2013 Administra\u00e7\u00e3o. O edital exige apenas a forma\u00e7\u00e3o em Curso Superior em Administra\u00e7\u00e3o, sem mencionar a obrigatoriedade do registro profissional no CRA-RN, o que contraria a legisla\u00e7\u00e3o vigente. Al\u00e9m disso, o documento n\u00e3o exige a apresenta\u00e7\u00e3o da Carteira de Identidade Profissional, emitida pelo \u00f3rg\u00e3o competente, como condi\u00e7\u00e3o para a investidura no cargo.<\/p>\n<p>Diante disso, o CRA-RN enviou um of\u00edcio ao IDEMA, solicitando a retifica\u00e7\u00e3o do edital, com a inclus\u00e3o dos seguintes pontos<\/p>\n<ul>\n<li>Como requisito de ingresso para o cargo de Analista Administrativo \u2013 Administra\u00e7\u00e3o: Curso Superior em Administra\u00e7\u00e3o e registro no Conselho Regional de Administra\u00e7\u00e3o do RN (CRA-RN). Ser\u00e3o considerados v\u00e1lidos os diplomas de Bacharelado em Administra\u00e7\u00e3o, Bacharelado em Gest\u00e3o P\u00fablica ou Bacharelado em Gest\u00e3o de Pol\u00edticas P\u00fablicas;<\/li>\n<li>Como requisito para a investidura no cargo: a apresenta\u00e7\u00e3o de c\u00f3pia da Carteira de Identidade Profissional ou Certid\u00e3o de Registro expedida pelo CRA-RN.<\/li>\n<\/ul>\n<p>O IDEMA j\u00e1 foi notificado oficialmente e tem um prazo legal para se manifestar quanto \u00e0s solicita\u00e7\u00f5es do Conselho.<\/p>\n<p>O CRA-RN refor\u00e7a seu compromisso com a valoriza\u00e7\u00e3o da profiss\u00e3o e a legalidade no exerc\u00edcio das atividades privativas dos profissionais da Administra\u00e7\u00e3o.<\/p>\n<button class=\"simplefavorite-button\" data-postid=\"67834\" data-siteid=\"1\" data-groupid=\"1\" data-favoritecount=\"0\" style=\"\">Favorite <i class=\"sf-icon-star-empty\"><\/i><\/button>","protected":false},"excerpt":{"rendered":"<p>A \u00e1rea de fiscaliza\u00e7\u00e3o do Conselho Regional de Administra\u00e7\u00e3o do Rio Grande do Norte (CRA-RN) est\u00e1 atenta aos concursos p\u00fablicos recentemente publicados no estado, com o objetivo de assegurar o cumprimento da legisla\u00e7\u00e3o que regulamenta a profiss\u00e3o de Administrador. Na an\u00e1lise do Edital n\u00ba 04\/2025, referente ao concurso p\u00fablico do Instituto de Desenvolvimento Sustent\u00e1vel e<a class=\"read-more\" href=\"https:\/\/crarn.org.br\/?p=67834\"> [&hellip;]<\/a><\/p>\n","protected":false},"author":26,"featured_media":67835,"comment_status":"closed","ping_status":"open","sticky":false,"template":"","format":"standard","meta":{"_price":"","_stock":"","_tribe_ticket_header":"","_tribe_default_ticket_provider":"","_tribe_ticket_capacity":"0","_ticket_start_date":"","_ticket_end_date":"","_tribe_ticket_show_description":"","_tribe_ticket_show_not_going":false,"_tribe_ticket_use_global_stock":"","_tribe_ticket_global_stock_level":"","_global_stock_mode":"","_global_stock_cap":"","_tribe_rsvp_for_event":"","_tribe_ticket_going_count":"","_tribe_ticket_not_going_count":"","_tribe_tickets_list":"[]","_tribe_ticket_has_attendee_info_fields":false,"footnotes":"","_links_to":"","_links_to_target":""},"categories":[585,312,320,309],"tags":[],"class_list":["post-67834","post","type-post","status-publish","format-standard","has-post-thumbnail","hentry","category-ano-2025","category-destaque-pequeno-inferior","category-home","category-ultimas-noticias","entry","has-media"],"_links":{"self":[{"href":"https:\/\/crarn.org.br\/index.php?rest_route=\/wp\/v2\/posts\/67834","targetHints":{"allow":["GET"]}}],"collection":[{"href":"https:\/\/crarn.org.br\/index.php?rest_route=\/wp\/v2\/posts"}],"about":[{"href":"https:\/\/crarn.org.br\/index.php?rest_route=\/wp\/v2\/types\/post"}],"author":[{"embeddable":true,"href":"https:\/\/crarn.org.br\/index.php?rest_route=\/wp\/v2\/users\/26"}],"replies":[{"embeddable":true,"href":"https:\/\/crarn.org.br\/index.php?rest_route=%2Fwp%2Fv2%2Fcomments&post=67834"}],"version-history":[{"count":1,"href":"https:\/\/crarn.org.br\/index.php?rest_route=\/wp\/v2\/posts\/67834\/revisions"}],"predecessor-version":[{"id":67836,"href":"https:\/\/crarn.org.br\/index.php?rest_route=\/wp\/v2\/posts\/67834\/revisions\/67836"}],"wp:featuredmedia":[{"embeddable":true,"href":"https:\/\/crarn.org.br\/index.php?rest_route=\/wp\/v2\/media\/67835"}],"wp:attachment":[{"href":"https:\/\/crarn.org.br\/index.php?rest_route=%2Fwp%2Fv2%2Fmedia&parent=67834"}],"wp:term":[{"taxonomy":"category","embeddable":true,"href":"https:\/\/crarn.org.br\/index.php?rest_route=%2Fwp%2Fv2%2Fcategories&post=67834"},{"taxonomy":"post_tag","embeddable":true,"href":"https:\/\/crarn.org.br\/index.php?rest_route=%2Fwp%2Fv2%2Ftags&post=67834"}],"curies":[{"name":"wp","href":"https:\/\/api.w.org\/{rel}","templated":true}]}}