{"id":67817,"date":"2025-05-08T14:51:27","date_gmt":"2025-05-08T17:51:27","guid":{"rendered":"https:\/\/crarn.org.br\/?p=67817"},"modified":"2025-05-08T14:51:27","modified_gmt":"2025-05-08T17:51:27","slug":"desenvolve-adm-de-maio-destaca-a-importancia-da-comunicacao-eficaz","status":"publish","type":"post","link":"https:\/\/crarn.org.br\/?p=67817","title":{"rendered":"Desenvolve ADM de maio destaca a import\u00e2ncia da comunica\u00e7\u00e3o eficaz"},"content":{"rendered":"\n<p>Nesta quarta-feira (07\/05), o Conselho Regional de Administra\u00e7\u00e3o do Rio Grande do Norte (CRA-RN) promoveu mais uma edi\u00e7\u00e3o do <em>Desenvolve ADM<\/em>, com foco no desenvolvimento profissional de administradores e estudantes da \u00e1rea. A respons\u00e1vel pela edi\u00e7\u00e3o de maio foi a conselheira suplente do CRA-RN, treinadora comportamental e mentora de carreira, Adm. Katarina Alc\u00e2ntara.<\/p>\n<p>A abertura do evento foi realizada pelo presidente do CRA-RN, Adm. Fl\u00e1vio Em\u00edlio, que apresentou a palestrante ao p\u00fablico. Tamb\u00e9m prestigiaram o momento o conselheiro federal pelo RN, Adm. J\u00falio Rezende, e o conselheiro federal por Roraima e diretor da C\u00e2mara de Gest\u00e3o P\u00fablica do CFA, Adm. Emerson Clayton Arantes, que est\u00e1 em Natal para atividades institucionais.<\/p>\n<p>Com o tema \u201cComunica\u00e7\u00e3o Eficaz\u201d, Katarina Alc\u00e2ntara abordou aspectos fundamentais da comunica\u00e7\u00e3o assertiva, destacando a import\u00e2ncia de compreender os diferentes estilos e comportamentos como forma de aprimorar as intera\u00e7\u00f5es pessoais e profissionais. Durante sua apresenta\u00e7\u00e3o, ela explicou sobre os ru\u00eddos que afetam a clareza da comunica\u00e7\u00e3o e a relev\u00e2ncia da intelig\u00eancia emocional nesse processo.<\/p>\n<p>Segundo a palestrante, \u201ctoda comunica\u00e7\u00e3o tem o objetivo de gerar uma a\u00e7\u00e3o, um movimento e precisa ser clara\u201d. Ela ressaltou ainda que a gest\u00e3o das emo\u00e7\u00f5es \u00e9 um dos principais fatores que comprometem a comunica\u00e7\u00e3o. \u201cA intelig\u00eancia emocional \u00e9 pilar fundamental para a gente ter uma boa comunica\u00e7\u00e3o. Quanto mais eu desenvolvo a gest\u00e3o das minhas emo\u00e7\u00f5es, melhor eu vou me comunicar\u201d, concluiu.<\/p>\n<p>O evento refor\u00e7a o compromisso do CRA-RN com a qualifica\u00e7\u00e3o cont\u00ednua dos profissionais da Administra\u00e7\u00e3o, oferecendo conte\u00fados relevantes e atuais para o fortalecimento da carreira e da atua\u00e7\u00e3o no mercado.<\/p>\n<button class=\"simplefavorite-button\" data-postid=\"67817\" data-siteid=\"1\" data-groupid=\"1\" data-favoritecount=\"0\" style=\"\">Favorite <i class=\"sf-icon-star-empty\"><\/i><\/button>","protected":false},"excerpt":{"rendered":"<p>Nesta quarta-feira (07\/05), o Conselho Regional de Administra\u00e7\u00e3o do Rio Grande do Norte (CRA-RN) promoveu mais uma edi\u00e7\u00e3o do Desenvolve ADM, com foco no desenvolvimento profissional de administradores e estudantes da \u00e1rea. A respons\u00e1vel pela edi\u00e7\u00e3o de maio foi a conselheira suplente do CRA-RN, treinadora comportamental e mentora de carreira, Adm. Katarina Alc\u00e2ntara. A abertura<a class=\"read-more\" href=\"https:\/\/crarn.org.br\/?p=67817\"> [&hellip;]<\/a><\/p>\n","protected":false},"author":26,"featured_media":67818,"comment_status":"closed","ping_status":"open","sticky":false,"template":"","format":"standard","meta":{"_price":"","_stock":"","_tribe_ticket_header":"","_tribe_default_ticket_provider":"","_tribe_ticket_capacity":"0","_ticket_start_date":"","_ticket_end_date":"","_tribe_ticket_show_description":"","_tribe_ticket_show_not_going":false,"_tribe_ticket_use_global_stock":"","_tribe_ticket_global_stock_level":"","_global_stock_mode":"","_global_stock_cap":"","_tribe_rsvp_for_event":"","_tribe_ticket_going_count":"","_tribe_ticket_not_going_count":"","_tribe_tickets_list":"[]","_tribe_ticket_has_attendee_info_fields":false,"footnotes":"","_links_to":"","_links_to_target":""},"categories":[585,310,320,309],"tags":[],"class_list":["post-67817","post","type-post","status-publish","format-standard","has-post-thumbnail","hentry","category-ano-2025","category-destaque-grande","category-home","category-ultimas-noticias","entry","has-media"],"_links":{"self":[{"href":"https:\/\/crarn.org.br\/index.php?rest_route=\/wp\/v2\/posts\/67817","targetHints":{"allow":["GET"]}}],"collection":[{"href":"https:\/\/crarn.org.br\/index.php?rest_route=\/wp\/v2\/posts"}],"about":[{"href":"https:\/\/crarn.org.br\/index.php?rest_route=\/wp\/v2\/types\/post"}],"author":[{"embeddable":true,"href":"https:\/\/crarn.org.br\/index.php?rest_route=\/wp\/v2\/users\/26"}],"replies":[{"embeddable":true,"href":"https:\/\/crarn.org.br\/index.php?rest_route=%2Fwp%2Fv2%2Fcomments&post=67817"}],"version-history":[{"count":1,"href":"https:\/\/crarn.org.br\/index.php?rest_route=\/wp\/v2\/posts\/67817\/revisions"}],"predecessor-version":[{"id":67819,"href":"https:\/\/crarn.org.br\/index.php?rest_route=\/wp\/v2\/posts\/67817\/revisions\/67819"}],"wp:featuredmedia":[{"embeddable":true,"href":"https:\/\/crarn.org.br\/index.php?rest_route=\/wp\/v2\/media\/67818"}],"wp:attachment":[{"href":"https:\/\/crarn.org.br\/index.php?rest_route=%2Fwp%2Fv2%2Fmedia&parent=67817"}],"wp:term":[{"taxonomy":"category","embeddable":true,"href":"https:\/\/crarn.org.br\/index.php?rest_route=%2Fwp%2Fv2%2Fcategories&post=67817"},{"taxonomy":"post_tag","embeddable":true,"href":"https:\/\/crarn.org.br\/index.php?rest_route=%2Fwp%2Fv2%2Ftags&post=67817"}],"curies":[{"name":"wp","href":"https:\/\/api.w.org\/{rel}","templated":true}]}}