{"id":67813,"date":"2025-05-07T16:06:59","date_gmt":"2025-05-07T19:06:59","guid":{"rendered":"https:\/\/crarn.org.br\/?p=67813"},"modified":"2025-05-08T14:54:12","modified_gmt":"2025-05-08T17:54:12","slug":"cra-rn-participa-de-reuniao-preparatoria-para-o-32o-forum-regional-de-fortalecimento-da-rede-de-parcerias-etapa-rn","status":"publish","type":"post","link":"https:\/\/crarn.org.br\/?p=67813","title":{"rendered":"CRA-RN participa de reuni\u00e3o preparat\u00f3ria para o 32\u00ba F\u00f3rum Regional de Fortalecimento da Rede de Parcerias \u2013 Etapa RN"},"content":{"rendered":"\n<p>O presidente do Conselho Regional de Administra\u00e7\u00e3o do Rio Grande do Norte (CRA-RN), Adm. Fl\u00e1vio Em\u00edlio Cavalcanti, participou, nesta ter\u00e7a-feira, da Reuni\u00e3o T\u00e9cnica e Estrat\u00e9gica para a organiza\u00e7\u00e3o do 32\u00ba F\u00f3rum Regional de Fortalecimento da Rede de Parcerias \u2013 Etapa Rio Grande do Norte.<\/p>\n<p>Representando o Sistema CFA\/CRAs, tamb\u00e9m estiveram presentes o conselheiro federal pelo RN e diretor da C\u00e2mara de Forma\u00e7\u00e3o e Educa\u00e7\u00e3o (CFE), Adm. J\u00falio Rezende; o diretor da C\u00e2mara de Gest\u00e3o P\u00fablica (CGP), Adm. Emerson Clayton Arantes; e o coordenador da CGP, Marcelo Gomes.<\/p>\n<p>O encontro reuniu representantes estaduais e federais das \u00e1reas de controle, contas e gest\u00e3o. O objetivo foi promover sinergia entre os diferentes atores envolvidos, alinhando estrat\u00e9gias de atua\u00e7\u00e3o voltadas para o fortalecimento da transpar\u00eancia, do controle social e da melhoria da gest\u00e3o das parcerias no setor p\u00fablico.<\/p>\n<p>O F\u00f3rum acontecer\u00e1 em Natal, nos dias 8 e 9 de maio de 2025, na Escola de Governo. A iniciativa integra uma s\u00e9rie de eventos regionais promovidos pela Rede de Parcerias \u2014 estrutura que conecta o governo federal, estados, munic\u00edpios e a sociedade civil organizada, visando \u00e0 articula\u00e7\u00e3o institucional e ao fortalecimento das pr\u00e1ticas de governan\u00e7a p\u00fablica.<\/p>\n<p>As etapas regionais dos F\u00f3runs t\u00eam como foco a integra\u00e7\u00e3o entre os entes federativos e organiza\u00e7\u00f5es atuantes nas \u201ctransfer\u00eancias de recursos e parcerias da Uni\u00e3o\u201d, com o intuito de aprimorar a gest\u00e3o p\u00fablica, promover o bom uso dos recursos p\u00fablicos e garantir maior efetividade \u00e0s pol\u00edticas p\u00fablicas nos munic\u00edpios.<\/p>\n<p>A Etapa RN \u00e9 promovida pela Secretaria de Gest\u00e3o e Inova\u00e7\u00e3o (SEGES), do Minist\u00e9rio da Gest\u00e3o e da Inova\u00e7\u00e3o em Servi\u00e7os P\u00fablicos (MGI), por meio da Diretoria de Transfer\u00eancias e Parcerias da Uni\u00e3o (DTPAR), em parceria com o Governo do Estado do Rio Grande do Norte, representado pela Secretaria de Estado do Planejamento, do Or\u00e7amento e da Gest\u00e3o (Seplan).<\/p>\n<p>Em Natal, para participar do evento, o diretor da CGP\/CFA, Adm. Emerson Clayton Arantes, destacou a import\u00e2ncia da Rede de Parcerias para o fortalecimento da gest\u00e3o p\u00fablica nos munic\u00edpios, como espa\u00e7o de capacita\u00e7\u00e3o, di\u00e1logo e participa\u00e7\u00e3o. &#8220;O CFA j\u00e1 faz parte h\u00e1 seis anos desta Rede e acabamos de renovar o Acordo de Coopera\u00e7\u00e3o com o Minist\u00e9rio. O CRA-RN foi o primeiro regional a aderir e est\u00e1 participando como interlocutor aqui no estado, para que possa estar disseminando os produtos da Gest\u00e3o P\u00fablica que o CFA tem a oferecer aos munic\u00edpios do RN, atrav\u00e9s da C\u00e2mara de Gest\u00e3o P\u00fablica, como o IGM-CFA, as capacita\u00e7\u00f5es como Workshops de Gest\u00e3o P\u00fablica, e tamb\u00e9m levar aos munic\u00edpios as nossas ferramentas: a Agenda Municipal, Planejamento Estrat\u00e9gico Municipal, Pr\u00eamio Guerreiro Ramos, etc\u201d, explicou.<\/p>\n<button class=\"simplefavorite-button\" data-postid=\"67813\" data-siteid=\"1\" data-groupid=\"1\" data-favoritecount=\"0\" style=\"\">Favorite <i class=\"sf-icon-star-empty\"><\/i><\/button>","protected":false},"excerpt":{"rendered":"<p>O presidente do Conselho Regional de Administra\u00e7\u00e3o do Rio Grande do Norte (CRA-RN), Adm. Fl\u00e1vio Em\u00edlio Cavalcanti, participou, nesta ter\u00e7a-feira, da Reuni\u00e3o T\u00e9cnica e Estrat\u00e9gica para a organiza\u00e7\u00e3o do 32\u00ba F\u00f3rum Regional de Fortalecimento da Rede de Parcerias \u2013 Etapa Rio Grande do Norte. Representando o Sistema CFA\/CRAs, tamb\u00e9m estiveram presentes o conselheiro federal pelo<a class=\"read-more\" href=\"https:\/\/crarn.org.br\/?p=67813\"> [&hellip;]<\/a><\/p>\n","protected":false},"author":26,"featured_media":67814,"comment_status":"closed","ping_status":"open","sticky":false,"template":"","format":"standard","meta":{"_price":"","_stock":"","_tribe_ticket_header":"","_tribe_default_ticket_provider":"","_tribe_ticket_capacity":"0","_ticket_start_date":"","_ticket_end_date":"","_tribe_ticket_show_description":"","_tribe_ticket_show_not_going":false,"_tribe_ticket_use_global_stock":"","_tribe_ticket_global_stock_level":"","_global_stock_mode":"","_global_stock_cap":"","_tribe_rsvp_for_event":"","_tribe_ticket_going_count":"","_tribe_ticket_not_going_count":"","_tribe_tickets_list":"[]","_tribe_ticket_has_attendee_info_fields":false,"footnotes":"","_links_to":"","_links_to_target":""},"categories":[585,312,320,309],"tags":[],"class_list":["post-67813","post","type-post","status-publish","format-standard","has-post-thumbnail","hentry","category-ano-2025","category-destaque-pequeno-inferior","category-home","category-ultimas-noticias","entry","has-media"],"_links":{"self":[{"href":"https:\/\/crarn.org.br\/index.php?rest_route=\/wp\/v2\/posts\/67813","targetHints":{"allow":["GET"]}}],"collection":[{"href":"https:\/\/crarn.org.br\/index.php?rest_route=\/wp\/v2\/posts"}],"about":[{"href":"https:\/\/crarn.org.br\/index.php?rest_route=\/wp\/v2\/types\/post"}],"author":[{"embeddable":true,"href":"https:\/\/crarn.org.br\/index.php?rest_route=\/wp\/v2\/users\/26"}],"replies":[{"embeddable":true,"href":"https:\/\/crarn.org.br\/index.php?rest_route=%2Fwp%2Fv2%2Fcomments&post=67813"}],"version-history":[{"count":1,"href":"https:\/\/crarn.org.br\/index.php?rest_route=\/wp\/v2\/posts\/67813\/revisions"}],"predecessor-version":[{"id":67815,"href":"https:\/\/crarn.org.br\/index.php?rest_route=\/wp\/v2\/posts\/67813\/revisions\/67815"}],"wp:featuredmedia":[{"embeddable":true,"href":"https:\/\/crarn.org.br\/index.php?rest_route=\/wp\/v2\/media\/67814"}],"wp:attachment":[{"href":"https:\/\/crarn.org.br\/index.php?rest_route=%2Fwp%2Fv2%2Fmedia&parent=67813"}],"wp:term":[{"taxonomy":"category","embeddable":true,"href":"https:\/\/crarn.org.br\/index.php?rest_route=%2Fwp%2Fv2%2Fcategories&post=67813"},{"taxonomy":"post_tag","embeddable":true,"href":"https:\/\/crarn.org.br\/index.php?rest_route=%2Fwp%2Fv2%2Ftags&post=67813"}],"curies":[{"name":"wp","href":"https:\/\/api.w.org\/{rel}","templated":true}]}}