{"id":67782,"date":"2025-04-25T11:20:55","date_gmt":"2025-04-25T14:20:55","guid":{"rendered":"https:\/\/crarn.org.br\/?p=67782"},"modified":"2025-04-25T11:20:56","modified_gmt":"2025-04-25T14:20:56","slug":"cra-rn-realiza-plenaria-extraordinaria-para-discutir-programacao-dos-60-anos-da-administracao-no-brasil","status":"publish","type":"post","link":"https:\/\/crarn.org.br\/?p=67782","title":{"rendered":"CRA-RN realiza Plen\u00e1ria Extraordin\u00e1ria para discutir programa\u00e7\u00e3o dos 60 anos da Administra\u00e7\u00e3o no Brasil"},"content":{"rendered":"\n<p>O Conselho Regional de Administra\u00e7\u00e3o do Rio Grande do Norte (CRA-RN) realizou, nesta quinta-feira, uma Reuni\u00e3o Plen\u00e1ria Extraordin\u00e1ria com foco no planejamento das a\u00e7\u00f5es comemorativas do Jubileu de Diamante da Administra\u00e7\u00e3o. A data marca os 60 anos de regulamenta\u00e7\u00e3o da profiss\u00e3o no Brasil, um marco importante para os profissionais da \u00e1rea e para a valoriza\u00e7\u00e3o da ci\u00eancia da Administra\u00e7\u00e3o no pa\u00eds.<\/p>\n<p>O encontro foi conduzido pelo presidente do CRA-RN, Adm. Fl\u00e1vio Em\u00edlio Cavalcanti, e contou com a presen\u00e7a do vice-presidente, Adm. Cl\u00e1udio Menezes, dos conselheiros efetivos Adm. Kate Maciel, Adm. C\u00e9lia Ribeiro, Adm. Sandro Pach\u00eaco, Adm. Alice Dantas e Adm. Leonardo Lima, da conselheira suplente Adm. Maria das Neves Maia, al\u00e9m da gerente executiva do regional, Adm. Silvana Avelar.<\/p>\n<p>Durante a reuni\u00e3o, foram discutidas propostas de eventos, homenagens e a\u00e7\u00f5es institucionais que constantes no cronograma enviado pelo CFA, que ir\u00e3o compor a programa\u00e7\u00e3o oficial do Jubileu. A iniciativa busca n\u00e3o apenas celebrar a data hist\u00f3rica, mas tamb\u00e9m refor\u00e7ar a import\u00e2ncia da Administra\u00e7\u00e3o para o desenvolvimento das organiza\u00e7\u00f5es e da sociedade.<\/p>\n<p>O CRA-RN reafirma seu compromisso em promover o fortalecimento da profiss\u00e3o e em valorizar os profissionais que constroem diariamente a hist\u00f3ria da Administra\u00e7\u00e3o no estado e no pa\u00eds.<\/p>\n<button class=\"simplefavorite-button\" data-postid=\"67782\" data-siteid=\"1\" data-groupid=\"1\" data-favoritecount=\"0\" style=\"\">Favorite <i class=\"sf-icon-star-empty\"><\/i><\/button>","protected":false},"excerpt":{"rendered":"<p>O Conselho Regional de Administra\u00e7\u00e3o do Rio Grande do Norte (CRA-RN) realizou, nesta quinta-feira, uma Reuni\u00e3o Plen\u00e1ria Extraordin\u00e1ria com foco no planejamento das a\u00e7\u00f5es comemorativas do Jubileu de Diamante da Administra\u00e7\u00e3o. A data marca os 60 anos de regulamenta\u00e7\u00e3o da profiss\u00e3o no Brasil, um marco importante para os profissionais da \u00e1rea e para a valoriza\u00e7\u00e3o<a class=\"read-more\" href=\"https:\/\/crarn.org.br\/?p=67782\"> [&hellip;]<\/a><\/p>\n","protected":false},"author":26,"featured_media":67783,"comment_status":"closed","ping_status":"open","sticky":false,"template":"","format":"standard","meta":{"_price":"","_stock":"","_tribe_ticket_header":"","_tribe_default_ticket_provider":"","_tribe_ticket_capacity":"0","_ticket_start_date":"","_ticket_end_date":"","_tribe_ticket_show_description":"","_tribe_ticket_show_not_going":false,"_tribe_ticket_use_global_stock":"","_tribe_ticket_global_stock_level":"","_global_stock_mode":"","_global_stock_cap":"","_tribe_rsvp_for_event":"","_tribe_ticket_going_count":"","_tribe_ticket_not_going_count":"","_tribe_tickets_list":"[]","_tribe_ticket_has_attendee_info_fields":false,"footnotes":"","_links_to":"","_links_to_target":""},"categories":[585,310,320,399,309],"tags":[],"class_list":["post-67782","post","type-post","status-publish","format-standard","has-post-thumbnail","hentry","category-ano-2025","category-destaque-grande","category-home","category-institucional","category-ultimas-noticias","entry","has-media"],"_links":{"self":[{"href":"https:\/\/crarn.org.br\/index.php?rest_route=\/wp\/v2\/posts\/67782","targetHints":{"allow":["GET"]}}],"collection":[{"href":"https:\/\/crarn.org.br\/index.php?rest_route=\/wp\/v2\/posts"}],"about":[{"href":"https:\/\/crarn.org.br\/index.php?rest_route=\/wp\/v2\/types\/post"}],"author":[{"embeddable":true,"href":"https:\/\/crarn.org.br\/index.php?rest_route=\/wp\/v2\/users\/26"}],"replies":[{"embeddable":true,"href":"https:\/\/crarn.org.br\/index.php?rest_route=%2Fwp%2Fv2%2Fcomments&post=67782"}],"version-history":[{"count":1,"href":"https:\/\/crarn.org.br\/index.php?rest_route=\/wp\/v2\/posts\/67782\/revisions"}],"predecessor-version":[{"id":67784,"href":"https:\/\/crarn.org.br\/index.php?rest_route=\/wp\/v2\/posts\/67782\/revisions\/67784"}],"wp:featuredmedia":[{"embeddable":true,"href":"https:\/\/crarn.org.br\/index.php?rest_route=\/wp\/v2\/media\/67783"}],"wp:attachment":[{"href":"https:\/\/crarn.org.br\/index.php?rest_route=%2Fwp%2Fv2%2Fmedia&parent=67782"}],"wp:term":[{"taxonomy":"category","embeddable":true,"href":"https:\/\/crarn.org.br\/index.php?rest_route=%2Fwp%2Fv2%2Fcategories&post=67782"},{"taxonomy":"post_tag","embeddable":true,"href":"https:\/\/crarn.org.br\/index.php?rest_route=%2Fwp%2Fv2%2Ftags&post=67782"}],"curies":[{"name":"wp","href":"https:\/\/api.w.org\/{rel}","templated":true}]}}