{"id":67776,"date":"2025-04-19T13:05:39","date_gmt":"2025-04-19T16:05:39","guid":{"rendered":"https:\/\/crarn.org.br\/?p=67776"},"modified":"2025-04-23T12:47:00","modified_gmt":"2025-04-23T15:47:00","slug":"feliz-pascoa-3","status":"publish","type":"post","link":"https:\/\/crarn.org.br\/?p=67776","title":{"rendered":"Feliz P\u00e1scoa!"},"content":{"rendered":"\n<p>Que esta P\u00e1scoa renove nossas esperan\u00e7as, fortale\u00e7a os la\u00e7os de respeito e coopera\u00e7\u00e3o, e inspire novas conquistas para todos. <\/p>\n\n\n\n<p>O CRA-RN deseja uma P\u00e1scoa de paz, equil\u00edbrio e novos recome\u00e7os! <\/p>\n<button class=\"simplefavorite-button\" data-postid=\"67776\" data-siteid=\"1\" data-groupid=\"1\" data-favoritecount=\"0\" style=\"\">Favorite <i class=\"sf-icon-star-empty\"><\/i><\/button>","protected":false},"excerpt":{"rendered":"<p>Que esta P\u00e1scoa renove nossas esperan\u00e7as, fortale\u00e7a os la\u00e7os de respeito e coopera\u00e7\u00e3o, e inspire novas conquistas para todos. O CRA-RN deseja uma P\u00e1scoa de paz, equil\u00edbrio e novos recome\u00e7os! Favorite<\/p>\n","protected":false},"author":26,"featured_media":67777,"comment_status":"closed","ping_status":"open","sticky":false,"template":"","format":"standard","meta":{"_price":"","_stock":"","_tribe_ticket_header":"","_tribe_default_ticket_provider":"","_tribe_ticket_capacity":"0","_ticket_start_date":"","_ticket_end_date":"","_tribe_ticket_show_description":"","_tribe_ticket_show_not_going":false,"_tribe_ticket_use_global_stock":"","_tribe_ticket_global_stock_level":"","_global_stock_mode":"","_global_stock_cap":"","_tribe_rsvp_for_event":"","_tribe_ticket_going_count":"","_tribe_ticket_not_going_count":"","_tribe_tickets_list":"[]","_tribe_ticket_has_attendee_info_fields":false,"footnotes":"","_links_to":"","_links_to_target":""},"categories":[585,310,320,399,309],"tags":[],"class_list":["post-67776","post","type-post","status-publish","format-standard","has-post-thumbnail","hentry","category-ano-2025","category-destaque-grande","category-home","category-institucional","category-ultimas-noticias","entry","has-media"],"_links":{"self":[{"href":"https:\/\/crarn.org.br\/index.php?rest_route=\/wp\/v2\/posts\/67776","targetHints":{"allow":["GET"]}}],"collection":[{"href":"https:\/\/crarn.org.br\/index.php?rest_route=\/wp\/v2\/posts"}],"about":[{"href":"https:\/\/crarn.org.br\/index.php?rest_route=\/wp\/v2\/types\/post"}],"author":[{"embeddable":true,"href":"https:\/\/crarn.org.br\/index.php?rest_route=\/wp\/v2\/users\/26"}],"replies":[{"embeddable":true,"href":"https:\/\/crarn.org.br\/index.php?rest_route=%2Fwp%2Fv2%2Fcomments&post=67776"}],"version-history":[{"count":1,"href":"https:\/\/crarn.org.br\/index.php?rest_route=\/wp\/v2\/posts\/67776\/revisions"}],"predecessor-version":[{"id":67778,"href":"https:\/\/crarn.org.br\/index.php?rest_route=\/wp\/v2\/posts\/67776\/revisions\/67778"}],"wp:featuredmedia":[{"embeddable":true,"href":"https:\/\/crarn.org.br\/index.php?rest_route=\/wp\/v2\/media\/67777"}],"wp:attachment":[{"href":"https:\/\/crarn.org.br\/index.php?rest_route=%2Fwp%2Fv2%2Fmedia&parent=67776"}],"wp:term":[{"taxonomy":"category","embeddable":true,"href":"https:\/\/crarn.org.br\/index.php?rest_route=%2Fwp%2Fv2%2Fcategories&post=67776"},{"taxonomy":"post_tag","embeddable":true,"href":"https:\/\/crarn.org.br\/index.php?rest_route=%2Fwp%2Fv2%2Ftags&post=67776"}],"curies":[{"name":"wp","href":"https:\/\/api.w.org\/{rel}","templated":true}]}}