{"id":67766,"date":"2025-04-16T14:30:00","date_gmt":"2025-04-16T17:30:00","guid":{"rendered":"https:\/\/crarn.org.br\/?p=67766"},"modified":"2025-05-08T14:52:30","modified_gmt":"2025-05-08T17:52:30","slug":"conselheiro-federal-pelo-rn-faz-palestra-para-estudantes-do-ifrn-em-lajes","status":"publish","type":"post","link":"https:\/\/crarn.org.br\/?p=67766","title":{"rendered":"Conselheiro federal pelo RN faz palestra para estudantes do IFRN em Lajes"},"content":{"rendered":"\n<p>O conselheiro federal pelo RN, Adm. J\u00falio Francisco Dantas de Rezende, diretor de Forma\u00e7\u00e3o e Educa\u00e7\u00e3o do CFA, ministrou a palestra \u201cOportunidades para a carreira do profissional de administra\u00e7\u00e3o\u201d para os estudantes de Administra\u00e7\u00e3o do Instituto Federal de Educa\u00e7\u00e3o do Rio Grande do Norte (IFRN) \u2013 Campus Lajes. A palestra aconteceu no in\u00edcio da semana.<\/p>\n<p>Durante a palestra, que teve o p\u00fablico formado por estudantes e futuros profissionais t\u00e9cnicos na \u00e1rea de Administra\u00e7\u00e3o, foram discutidas as diversas possibilidades de atua\u00e7\u00e3o no setor p\u00fablico e privado, bem como o papel da inova\u00e7\u00e3o, do empreendedorismo e da sustentabilidade na constru\u00e7\u00e3o de uma carreira s\u00f3lida. O conselheiro tamb\u00e9m destacou a import\u00e2ncia da forma\u00e7\u00e3o cont\u00ednua e da \u00e9tica profissional como pilares para o sucesso na trajet\u00f3ria administrativa.<\/p>\n<p>O evento proporcionou um momento de di\u00e1logo e inspira\u00e7\u00e3o para os alunos, que puderam tirar d\u00favidas e conhecer mais de perto o trabalho do Sistema CFA\/CRAs no fortalecimento da profiss\u00e3o.<\/p>\n<button class=\"simplefavorite-button\" data-postid=\"67766\" data-siteid=\"1\" data-groupid=\"1\" data-favoritecount=\"0\" style=\"\">Favorite <i class=\"sf-icon-star-empty\"><\/i><\/button>","protected":false},"excerpt":{"rendered":"<p>O conselheiro federal pelo RN, Adm. J\u00falio Francisco Dantas de Rezende, diretor de Forma\u00e7\u00e3o e Educa\u00e7\u00e3o do CFA, ministrou a palestra \u201cOportunidades para a carreira do profissional de administra\u00e7\u00e3o\u201d para os estudantes de Administra\u00e7\u00e3o do Instituto Federal de Educa\u00e7\u00e3o do Rio Grande do Norte (IFRN) \u2013 Campus Lajes. A palestra aconteceu no in\u00edcio da semana.<a class=\"read-more\" href=\"https:\/\/crarn.org.br\/?p=67766\"> [&hellip;]<\/a><\/p>\n","protected":false},"author":26,"featured_media":67767,"comment_status":"closed","ping_status":"open","sticky":false,"template":"","format":"standard","meta":{"_price":"","_stock":"","_tribe_ticket_header":"","_tribe_default_ticket_provider":"","_tribe_ticket_capacity":"0","_ticket_start_date":"","_ticket_end_date":"","_tribe_ticket_show_description":"","_tribe_ticket_show_not_going":false,"_tribe_ticket_use_global_stock":"","_tribe_ticket_global_stock_level":"","_global_stock_mode":"","_global_stock_cap":"","_tribe_rsvp_for_event":"","_tribe_ticket_going_count":"","_tribe_ticket_not_going_count":"","_tribe_tickets_list":"[]","_tribe_ticket_has_attendee_info_fields":false,"footnotes":"","_links_to":"","_links_to_target":""},"categories":[585,320,399,309],"tags":[],"class_list":["post-67766","post","type-post","status-publish","format-standard","has-post-thumbnail","hentry","category-ano-2025","category-home","category-institucional","category-ultimas-noticias","entry","has-media"],"_links":{"self":[{"href":"https:\/\/crarn.org.br\/index.php?rest_route=\/wp\/v2\/posts\/67766","targetHints":{"allow":["GET"]}}],"collection":[{"href":"https:\/\/crarn.org.br\/index.php?rest_route=\/wp\/v2\/posts"}],"about":[{"href":"https:\/\/crarn.org.br\/index.php?rest_route=\/wp\/v2\/types\/post"}],"author":[{"embeddable":true,"href":"https:\/\/crarn.org.br\/index.php?rest_route=\/wp\/v2\/users\/26"}],"replies":[{"embeddable":true,"href":"https:\/\/crarn.org.br\/index.php?rest_route=%2Fwp%2Fv2%2Fcomments&post=67766"}],"version-history":[{"count":1,"href":"https:\/\/crarn.org.br\/index.php?rest_route=\/wp\/v2\/posts\/67766\/revisions"}],"predecessor-version":[{"id":67768,"href":"https:\/\/crarn.org.br\/index.php?rest_route=\/wp\/v2\/posts\/67766\/revisions\/67768"}],"wp:featuredmedia":[{"embeddable":true,"href":"https:\/\/crarn.org.br\/index.php?rest_route=\/wp\/v2\/media\/67767"}],"wp:attachment":[{"href":"https:\/\/crarn.org.br\/index.php?rest_route=%2Fwp%2Fv2%2Fmedia&parent=67766"}],"wp:term":[{"taxonomy":"category","embeddable":true,"href":"https:\/\/crarn.org.br\/index.php?rest_route=%2Fwp%2Fv2%2Fcategories&post=67766"},{"taxonomy":"post_tag","embeddable":true,"href":"https:\/\/crarn.org.br\/index.php?rest_route=%2Fwp%2Fv2%2Ftags&post=67766"}],"curies":[{"name":"wp","href":"https:\/\/api.w.org\/{rel}","templated":true}]}}